{"id":96305,"date":"2021-07-25T21:20:53","date_gmt":"2021-07-26T00:20:53","guid":{"rendered":"https:\/\/eldiariodesanpedro.com.ar\/sitio\/?p=96305"},"modified":"2021-07-25T21:29:33","modified_gmt":"2021-07-26T00:29:33","slug":"se-le-secuestro-dos-automoviles-en-la-misma-noche-a-un-joven-hubo-una-persecucion-policial","status":"publish","type":"post","link":"https:\/\/eldiariodesanpedro.com.ar\/sitio\/se-le-secuestro-dos-automoviles-en-la-misma-noche-a-un-joven-hubo-una-persecucion-policial\/","title":{"rendered":"Se le secuestr\u00f3 dos autom\u00f3viles en la misma noche a un joven, hubo una persecuci\u00f3n policial"},"content":{"rendered":"<!-- VideographyWP Plugin Message: Automatic video embedding prevented by plugin options. -->\n\n<p>En la jornada de ayer se realizaron operativos de control de alcoholemia en la zona c\u00e9ntrica por parte de la Direcci\u00f3n de Tr\u00e1nsito a cargo de Luis Caramum donde se secuestraron tres motocicletas por falta de papeles y adem\u00e1s secuestraron dos autom\u00f3viles a una misma persona.<\/p>\n\n\n\n<p>El secuestro de los dos autom\u00f3viles fueron realizados a un joven mayor de edad que en primer lugar en la zona c\u00e9ntrica se lo intercept\u00f3 para solicitarle la documentaci\u00f3n del rodado Fiat 128 del cual carec\u00eda y adem\u00e1s se le realiz\u00f3 un test de alcoholemia que dio positivo.<\/p>\n\n\n\n<p>Horas m\u00e1s tarde alrededor de las 4 de la madrugada de domingo la polic\u00eda se hace presente en R\u00edo Tala tras un llamado al 911 que denunciaba una pelea en la v\u00eda p\u00fablica a la llegada del m\u00f3vil la gresca ya hab\u00eda terminado, pero si estaba presente un autom\u00f3vil Peugeot 206 que fue indicado en el denuncia, al momento de que los oficiales intentaron interceptar a estas personas que estaban dentro del rodado&nbsp; estos se dan a la fuga desde la vecina localidad hasta dentro del casco urbano de nuestra ciudad.<\/p>\n\n\n\n<p>Cuando el personal de la Direcci\u00f3n de Tr\u00e1nsito se hizo presente en el lugar para realizar test de alcoholemia detect\u00f3 que era el mismo sujeto que anteriormente le hab\u00edan secuestrado el otro rodado.<\/p>\n\n\n\n<p>Los autom\u00f3viles fueron incautados y al conductor se le labr\u00f3 las correspondientes multas por el Juzgado de Faltas.<\/p>\n","protected":false},"excerpt":{"rendered":"<p>En la jornada de ayer se realizaron operativos de control de alcoholemia en la zona c\u00e9ntrica por parte de la Direcci\u00f3n de Tr\u00e1nsito a cargo de Luis Caramum donde se secuestraron tres motocicletas por falta de papeles y adem\u00e1s secuestraron dos autom\u00f3viles a una misma persona. El secuestro de los dos autom\u00f3viles fueron realizados a [&hellip;]<\/p>\n","protected":false},"author":4,"featured_media":96295,"comment_status":"closed","ping_status":"closed","sticky":false,"template":"","format":"standard","meta":{"om_disable_all_campaigns":false,"_jetpack_memberships_contains_paid_content":false,"footnotes":""},"categories":[2,103],"tags":[],"class_list":["post-96305","post","type-post","status-publish","format-standard","has-post-thumbnail","hentry","category-locales","category-policiales-locales"],"aioseo_notices":[],"gutentor_comment":0,"jetpack_featured_media_url":"https:\/\/eldiariodesanpedro.com.ar\/sitio\/wp-content\/uploads\/2021\/07\/WhatsApp-Image-2021-07-25-at-15.49.13.jpeg","jetpack_shortlink":"https:\/\/wp.me\/p6RhLt-p3j","jetpack_sharing_enabled":true,"_links":{"self":[{"href":"https:\/\/eldiariodesanpedro.com.ar\/sitio\/wp-json\/wp\/v2\/posts\/96305","targetHints":{"allow":["GET"]}}],"collection":[{"href":"https:\/\/eldiariodesanpedro.com.ar\/sitio\/wp-json\/wp\/v2\/posts"}],"about":[{"href":"https:\/\/eldiariodesanpedro.com.ar\/sitio\/wp-json\/wp\/v2\/types\/post"}],"author":[{"embeddable":true,"href":"https:\/\/eldiariodesanpedro.com.ar\/sitio\/wp-json\/wp\/v2\/users\/4"}],"replies":[{"embeddable":true,"href":"https:\/\/eldiariodesanpedro.com.ar\/sitio\/wp-json\/wp\/v2\/comments?post=96305"}],"version-history":[{"count":1,"href":"https:\/\/eldiariodesanpedro.com.ar\/sitio\/wp-json\/wp\/v2\/posts\/96305\/revisions"}],"predecessor-version":[{"id":96307,"href":"https:\/\/eldiariodesanpedro.com.ar\/sitio\/wp-json\/wp\/v2\/posts\/96305\/revisions\/96307"}],"wp:featuredmedia":[{"embeddable":true,"href":"https:\/\/eldiariodesanpedro.com.ar\/sitio\/wp-json\/wp\/v2\/media\/96295"}],"wp:attachment":[{"href":"https:\/\/eldiariodesanpedro.com.ar\/sitio\/wp-json\/wp\/v2\/media?parent=96305"}],"wp:term":[{"taxonomy":"category","embeddable":true,"href":"https:\/\/eldiariodesanpedro.com.ar\/sitio\/wp-json\/wp\/v2\/categories?post=96305"},{"taxonomy":"post_tag","embeddable":true,"href":"https:\/\/eldiariodesanpedro.com.ar\/sitio\/wp-json\/wp\/v2\/tags?post=96305"}],"curies":[{"name":"wp","href":"https:\/\/api.w.org\/{rel}","templated":true}]}}