{"id":96284,"date":"2021-07-25T20:00:05","date_gmt":"2021-07-25T23:00:05","guid":{"rendered":"https:\/\/eldiariodesanpedro.com.ar\/sitio\/?p=96284"},"modified":"2021-07-25T20:00:06","modified_gmt":"2021-07-25T23:00:06","slug":"cinco-listas-participaran-en-las-paso-sin-internas","status":"publish","type":"post","link":"https:\/\/eldiariodesanpedro.com.ar\/sitio\/cinco-listas-participaran-en-las-paso-sin-internas\/","title":{"rendered":"Cinco listas participaran en las paso sin internas"},"content":{"rendered":"<!-- VideographyWP Plugin Message: Automatic video embedding prevented by plugin options. -->\n\n<p>Como estaba previsto, este domingo a las 00 hs se cerr\u00f3 la inscripci\u00f3n para la presentaci\u00f3n de las listas de candidatos que participar\u00e1n en las pr\u00f3ximas elecciones legislativas P.A.S.O. que se desarrollar\u00e1n el pr\u00f3ximo 12 de septiembre donde en San Pedro se renovar\u00e1n 9 concejales y 3 consejeros escolares.<\/p>\n\n\n\n<p>En nuestra ciudad hasta el momento se presentaron 16 listas de las cuales 5 no tendr\u00e1n internas.<\/p>\n\n\n\n<p>Adem\u00e1s de los grandes frentes electorales que se presentaron y tendr\u00e1n sus internas en las pr\u00f3ximas elecciones legislativas participar\u00e1n 5 listas que tratar\u00e1n de llegar al piso de 1,5% de votos para poder participar en las elecciones generales.<\/p>\n\n\n\n<p><strong>Las listas son las siguientes:<\/strong><\/p>\n\n\n\n<p><strong>Frente Avanza Libertad<\/strong><br>Los precandidatos a concejales est\u00e1 encabezado por Martin Rivas acompa\u00f1ado de Diana Franco, Marcos Rosemberg, Angelina Dom\u00e9, Guillermo Grimoldi y Nadia Azula.<\/p>\n\n\n\n<p><strong>Frente de Izquierda Unida<\/strong><br>Precandidatos a concejales encabezados por Claudio Cejas, Mar\u00eda Florencia Gal\u00e1n, Amadeo Grioni, Rosa In\u00e9s C\u00e1ceres, Felipe L\u00f3pez, Mar\u00eda Laura Casco, Mart\u00edn Zenoni, Paula Fontanello y Miguel \u00c1ngel Iriarte. Los consejeros escolares ser\u00e1n Juli\u00e1n Arriguetti, Roc\u00edo Arp\u00eda y Oscar Lobos.<\/p>\n\n\n\n<p><strong>Partido Conservador Popular<\/strong><br>Los precandidatos a concejal que lidera la lista ser\u00e1 Sandro Velasco reconocido ex futbolista de nuestra ciudad\u00a0\u00a0<\/p>\n\n\n\n<p><strong>Partido Federal\u00a0<\/strong><br>Los precandidatos a concejales son Alberto Rodolfo Velos, Luc\u00eda Soledad Cabrera, Daniel Oscar Aguado, Mar\u00eda Eugenia Velos, Rub\u00e9n Ariel Dona, Mariza Luj\u00e1n P\u00e9rez, Jonatan Antola, Luj\u00e1n Karina Roba y Oscar Lorenzini. Los consejeros escolares Ayel\u00e9n Morales, Rodrigo Velos y Adriana Almada.<\/p>\n\n\n\n<p><strong>Principios y Valores<\/strong><br>Los precandidatos a concejales est\u00e1 encabezado por Rodolfo Sosa<\/p>\n","protected":false},"excerpt":{"rendered":"<p>Como estaba previsto, este domingo a las 00 hs se cerr\u00f3 la inscripci\u00f3n para la presentaci\u00f3n de las listas de candidatos que participar\u00e1n en las pr\u00f3ximas elecciones legislativas P.A.S.O. que se desarrollar\u00e1n el pr\u00f3ximo 12 de septiembre donde en San Pedro se renovar\u00e1n 9 concejales y 3 consejeros escolares. En nuestra ciudad hasta el momento [&hellip;]<\/p>\n","protected":false},"author":4,"featured_media":96285,"comment_status":"closed","ping_status":"closed","sticky":false,"template":"","format":"standard","meta":{"om_disable_all_campaigns":false,"_jetpack_memberships_contains_paid_content":false,"footnotes":""},"categories":[50,2,102],"tags":[],"class_list":["post-96284","post","type-post","status-publish","format-standard","has-post-thumbnail","hentry","category-destacadas","category-locales","category-politica-locales"],"aioseo_notices":[],"gutentor_comment":0,"jetpack_featured_media_url":"https:\/\/eldiariodesanpedro.com.ar\/sitio\/wp-content\/uploads\/2021\/07\/Sin-titulo-4.jpg","jetpack_shortlink":"https:\/\/wp.me\/p6RhLt-p2Y","jetpack_sharing_enabled":true,"_links":{"self":[{"href":"https:\/\/eldiariodesanpedro.com.ar\/sitio\/wp-json\/wp\/v2\/posts\/96284","targetHints":{"allow":["GET"]}}],"collection":[{"href":"https:\/\/eldiariodesanpedro.com.ar\/sitio\/wp-json\/wp\/v2\/posts"}],"about":[{"href":"https:\/\/eldiariodesanpedro.com.ar\/sitio\/wp-json\/wp\/v2\/types\/post"}],"author":[{"embeddable":true,"href":"https:\/\/eldiariodesanpedro.com.ar\/sitio\/wp-json\/wp\/v2\/users\/4"}],"replies":[{"embeddable":true,"href":"https:\/\/eldiariodesanpedro.com.ar\/sitio\/wp-json\/wp\/v2\/comments?post=96284"}],"version-history":[{"count":1,"href":"https:\/\/eldiariodesanpedro.com.ar\/sitio\/wp-json\/wp\/v2\/posts\/96284\/revisions"}],"predecessor-version":[{"id":96286,"href":"https:\/\/eldiariodesanpedro.com.ar\/sitio\/wp-json\/wp\/v2\/posts\/96284\/revisions\/96286"}],"wp:featuredmedia":[{"embeddable":true,"href":"https:\/\/eldiariodesanpedro.com.ar\/sitio\/wp-json\/wp\/v2\/media\/96285"}],"wp:attachment":[{"href":"https:\/\/eldiariodesanpedro.com.ar\/sitio\/wp-json\/wp\/v2\/media?parent=96284"}],"wp:term":[{"taxonomy":"category","embeddable":true,"href":"https:\/\/eldiariodesanpedro.com.ar\/sitio\/wp-json\/wp\/v2\/categories?post=96284"},{"taxonomy":"post_tag","embeddable":true,"href":"https:\/\/eldiariodesanpedro.com.ar\/sitio\/wp-json\/wp\/v2\/tags?post=96284"}],"curies":[{"name":"wp","href":"https:\/\/api.w.org\/{rel}","templated":true}]}}