{"id":96281,"date":"2021-07-25T19:00:06","date_gmt":"2021-07-25T22:00:06","guid":{"rendered":"https:\/\/eldiariodesanpedro.com.ar\/sitio\/?p=96281"},"modified":"2021-07-25T19:03:13","modified_gmt":"2021-07-25T22:03:13","slug":"vamos-con-vos-presento-dos-listas-para-participa-en-internas","status":"publish","type":"post","link":"https:\/\/eldiariodesanpedro.com.ar\/sitio\/vamos-con-vos-presento-dos-listas-para-participa-en-internas\/","title":{"rendered":"\u201cVamos con vos\u201d present\u00f3 dos listas para participa en internas"},"content":{"rendered":"<!-- VideographyWP Plugin Message: Automatic video embedding prevented by plugin options. -->\n\n<p>Como estaba previsto, este domingo a las 00 hs se cerr\u00f3 la inscripci\u00f3n para la presentaci\u00f3n de las listas de precandidatos que participar\u00e1n en las pr\u00f3ximas elecciones legislativas P.A.S.O. que se desarrollar\u00e1n el pr\u00f3ximo&nbsp; 12 de septiembre donde en San Pedro se renovar\u00e1n 9 concejales y 3 consejeros escolares.<\/p>\n\n\n\n<p>En nuestra ciudad hasta el momento se presentaron 16 listas de las cuales 5 no tendr\u00e1n internas y los grandes partidos pol\u00edticos s\u00ed tendr\u00e1n internas.<\/p>\n\n\n\n<p>Por su parte el frente Vamos con Vos que est\u00e1 liderado por el candidato a diputado nacional Florencio Randazo&nbsp; tendr\u00e1 dos listas en San Pedro.<\/p>\n\n\n\n<p>Las listas son las siguientes:&nbsp;<\/p>\n\n\n\n<p>La primera lista con los referente de Graciel Cama\u00f1o<\/p>\n\n\n\n<p>Los precandidatos a concejales son Ver\u00f3nica Gonz\u00e1lez, Fernando Gelabert,\u00a0 Karen Rodr\u00edguez, Raul Manzo, Ana Tettamanti, Omar Pucurull, Paradela Angela, Lucas Gonzalez y Brigida Franco. Los candidatos a consejeros escolares Walter Carballos, Maria celeste Liquille y Norman Raul Costeotti<\/p>\n\n\n\n<p>El partido Libres del Sur present\u00f3 su lista<\/p>\n\n\n\n<p>Los precandidatos a concejales Enrique Ferroni, Victoria Izaurralde, Jorge Riera y Yesica Barrios entre otros. Los Consejeros escolares estar\u00e1 encabezado por Nicol\u00e1s Tesey<\/p>\n","protected":false},"excerpt":{"rendered":"<p>Como estaba previsto, este domingo a las 00 hs se cerr\u00f3 la inscripci\u00f3n para la presentaci\u00f3n de las listas de precandidatos que participar\u00e1n en las pr\u00f3ximas elecciones legislativas P.A.S.O. que se desarrollar\u00e1n el pr\u00f3ximo&nbsp; 12 de septiembre donde en San Pedro se renovar\u00e1n 9 concejales y 3 consejeros escolares. En nuestra ciudad hasta el momento [&hellip;]<\/p>\n","protected":false},"author":4,"featured_media":96282,"comment_status":"closed","ping_status":"closed","sticky":false,"template":"","format":"standard","meta":{"om_disable_all_campaigns":false,"_jetpack_memberships_contains_paid_content":false,"footnotes":""},"categories":[2,102],"tags":[],"class_list":["post-96281","post","type-post","status-publish","format-standard","has-post-thumbnail","hentry","category-locales","category-politica-locales"],"aioseo_notices":[],"gutentor_comment":0,"jetpack_featured_media_url":"https:\/\/eldiariodesanpedro.com.ar\/sitio\/wp-content\/uploads\/2021\/07\/Sin-titulo-3-1.jpg","jetpack_shortlink":"https:\/\/wp.me\/p6RhLt-p2V","jetpack_sharing_enabled":true,"_links":{"self":[{"href":"https:\/\/eldiariodesanpedro.com.ar\/sitio\/wp-json\/wp\/v2\/posts\/96281","targetHints":{"allow":["GET"]}}],"collection":[{"href":"https:\/\/eldiariodesanpedro.com.ar\/sitio\/wp-json\/wp\/v2\/posts"}],"about":[{"href":"https:\/\/eldiariodesanpedro.com.ar\/sitio\/wp-json\/wp\/v2\/types\/post"}],"author":[{"embeddable":true,"href":"https:\/\/eldiariodesanpedro.com.ar\/sitio\/wp-json\/wp\/v2\/users\/4"}],"replies":[{"embeddable":true,"href":"https:\/\/eldiariodesanpedro.com.ar\/sitio\/wp-json\/wp\/v2\/comments?post=96281"}],"version-history":[{"count":1,"href":"https:\/\/eldiariodesanpedro.com.ar\/sitio\/wp-json\/wp\/v2\/posts\/96281\/revisions"}],"predecessor-version":[{"id":96283,"href":"https:\/\/eldiariodesanpedro.com.ar\/sitio\/wp-json\/wp\/v2\/posts\/96281\/revisions\/96283"}],"wp:featuredmedia":[{"embeddable":true,"href":"https:\/\/eldiariodesanpedro.com.ar\/sitio\/wp-json\/wp\/v2\/media\/96282"}],"wp:attachment":[{"href":"https:\/\/eldiariodesanpedro.com.ar\/sitio\/wp-json\/wp\/v2\/media?parent=96281"}],"wp:term":[{"taxonomy":"category","embeddable":true,"href":"https:\/\/eldiariodesanpedro.com.ar\/sitio\/wp-json\/wp\/v2\/categories?post=96281"},{"taxonomy":"post_tag","embeddable":true,"href":"https:\/\/eldiariodesanpedro.com.ar\/sitio\/wp-json\/wp\/v2\/tags?post=96281"}],"curies":[{"name":"wp","href":"https:\/\/api.w.org\/{rel}","templated":true}]}}