{"id":96272,"date":"2021-07-25T17:16:44","date_gmt":"2021-07-25T20:16:44","guid":{"rendered":"https:\/\/eldiariodesanpedro.com.ar\/sitio\/?p=96272"},"modified":"2021-07-25T22:42:56","modified_gmt":"2021-07-26T01:42:56","slug":"el-frente-de-todos-tendra-4-listas-que-competiran-en-internas","status":"publish","type":"post","link":"https:\/\/eldiariodesanpedro.com.ar\/sitio\/el-frente-de-todos-tendra-4-listas-que-competiran-en-internas\/","title":{"rendered":"El Frente de Todos tendr\u00e1 4 listas que competir\u00e1n en internas"},"content":{"rendered":"<!-- VideographyWP Plugin Message: Automatic video embedding prevented by plugin options. -->\n\n<p>Como estaba previsto, este domingo a las 00 hs se cerr\u00f3 la inscripci\u00f3n para la presentaci\u00f3n de las listas de candidatos que participar\u00e1n en las pr\u00f3ximas elecciones legislativas P.A.S.O. que se desarrollar\u00e1n el pr\u00f3ximo&nbsp; 12 de septiembre donde en San Pedro se renovar\u00e1n 9 concejales y 3 consejeros escolares.<\/p>\n\n\n\n<p>En nuestra ciudad hasta el momento se presentaron 16 listas de las cuales 5 no tendr\u00e1n internas y los grandes partidos pol\u00edticos s\u00ed tendr\u00e1n internas.<\/p>\n\n\n\n<p>El Frente de Todos en nuestra ciudad tendr\u00e1 4 listas que participar\u00e1n en internas y el oficialismo estar\u00e1 encabezado por el Dr. Creus.<\/p>\n\n\n\n<p>Las 4 listas quedan conformadas de la siguiente manera:&nbsp;<\/p>\n\n\n\n<p><strong>Precandidatos del Frente de Todos (oficialismo)<\/strong><br>Los precandidatos a concejales titulares ser\u00e1n <strong>Daniel Creus, Candelaria Cuscuela<\/strong>, Mat\u00edas Franco, Rita Leguizam\u00f3n, Pablo Vlaeminck, Rosa Celi\u00e9, Santiago Murray, Jimena Mari\u00f1o<br>Federico Dom\u00ednguez. Los concejales suplentes Mariana Toscanini, Manuel Valleta del Pardo, Mar\u00eda Luj\u00e1n Mart\u00ednez, El\u00edas Salom\u00f3n, Ailen Pedernera, Jos\u00e9 Iriarte. Por su parte los pre candidatos a consejeros escolares titulares son Myriam Bonilla, Cristian Novaro, Romina Rosell\u00f3 y los consejeros escolares suplentes ser\u00e1n Jorge Mart\u00ednez, Marta Duzac, Cristian Mamberto.<\/p>\n\n\n\n<p><strong>El pangarismo present\u00f3 su lista<\/strong><br>Pre candidatos a concejales titulares <strong>Rodolfo Trelles, Carla Zelaschi<\/strong>, Roberto Escalzo, Elisa Ch\u00e1vez, Ra\u00fal Serr\u00e1, Ver\u00f3nica Farabolini, Sebasti\u00e1n Lezcano e Ivana Leiva. Los precandidatos a consejeros escolares son Marianela Gir\u00e1ndola y Fausto Gonzalbo.\u00a0<\/p>\n\n\n\n<p><strong>Guacone present\u00f3 tambi\u00e9n una lista<\/strong><br>Pre candidatos a concejales <strong>Pablo Guacone, Valeria Gonz\u00e1lez<\/strong>, Juan Benseny, Evangelina Sampieri, Ezequiel L\u00f3pez Castilla y Marisa Torres\u00edn.<\/p>\n\n\n\n<p><strong>La UOCRA tambi\u00e9n impuls\u00f3 una lista<br><\/strong>Los precandidatos a concejales son <strong>Juan Cruz Acosta, Mirta Cardozo<\/strong>, Ezequiel Dandrich, Carolina Noat. Los candidatos a Consejeros Escolares Vanina Ferr\u00e1ndez.<\/p>\n","protected":false},"excerpt":{"rendered":"<p>Como estaba previsto, este domingo a las 00 hs se cerr\u00f3 la inscripci\u00f3n para la presentaci\u00f3n de las listas de candidatos que participar\u00e1n en las pr\u00f3ximas elecciones legislativas P.A.S.O. que se desarrollar\u00e1n el pr\u00f3ximo&nbsp; 12 de septiembre donde en San Pedro se renovar\u00e1n 9 concejales y 3 consejeros escolares. En nuestra ciudad hasta el momento [&hellip;]<\/p>\n","protected":false},"author":4,"featured_media":96273,"comment_status":"closed","ping_status":"closed","sticky":false,"template":"","format":"standard","meta":{"om_disable_all_campaigns":false,"_jetpack_memberships_contains_paid_content":false,"footnotes":""},"categories":[50,2,102],"tags":[],"class_list":["post-96272","post","type-post","status-publish","format-standard","has-post-thumbnail","hentry","category-destacadas","category-locales","category-politica-locales"],"aioseo_notices":[],"gutentor_comment":0,"jetpack_featured_media_url":"https:\/\/eldiariodesanpedro.com.ar\/sitio\/wp-content\/uploads\/2021\/07\/Sin-titulo-1-9.jpg","jetpack_shortlink":"https:\/\/wp.me\/p6RhLt-p2M","jetpack_sharing_enabled":true,"_links":{"self":[{"href":"https:\/\/eldiariodesanpedro.com.ar\/sitio\/wp-json\/wp\/v2\/posts\/96272","targetHints":{"allow":["GET"]}}],"collection":[{"href":"https:\/\/eldiariodesanpedro.com.ar\/sitio\/wp-json\/wp\/v2\/posts"}],"about":[{"href":"https:\/\/eldiariodesanpedro.com.ar\/sitio\/wp-json\/wp\/v2\/types\/post"}],"author":[{"embeddable":true,"href":"https:\/\/eldiariodesanpedro.com.ar\/sitio\/wp-json\/wp\/v2\/users\/4"}],"replies":[{"embeddable":true,"href":"https:\/\/eldiariodesanpedro.com.ar\/sitio\/wp-json\/wp\/v2\/comments?post=96272"}],"version-history":[{"count":2,"href":"https:\/\/eldiariodesanpedro.com.ar\/sitio\/wp-json\/wp\/v2\/posts\/96272\/revisions"}],"predecessor-version":[{"id":96308,"href":"https:\/\/eldiariodesanpedro.com.ar\/sitio\/wp-json\/wp\/v2\/posts\/96272\/revisions\/96308"}],"wp:featuredmedia":[{"embeddable":true,"href":"https:\/\/eldiariodesanpedro.com.ar\/sitio\/wp-json\/wp\/v2\/media\/96273"}],"wp:attachment":[{"href":"https:\/\/eldiariodesanpedro.com.ar\/sitio\/wp-json\/wp\/v2\/media?parent=96272"}],"wp:term":[{"taxonomy":"category","embeddable":true,"href":"https:\/\/eldiariodesanpedro.com.ar\/sitio\/wp-json\/wp\/v2\/categories?post=96272"},{"taxonomy":"post_tag","embeddable":true,"href":"https:\/\/eldiariodesanpedro.com.ar\/sitio\/wp-json\/wp\/v2\/tags?post=96272"}],"curies":[{"name":"wp","href":"https:\/\/api.w.org\/{rel}","templated":true}]}}