{"id":96266,"date":"2021-07-25T16:04:17","date_gmt":"2021-07-25T19:04:17","guid":{"rendered":"https:\/\/eldiariodesanpedro.com.ar\/sitio\/?p=96266"},"modified":"2021-07-25T16:22:58","modified_gmt":"2021-07-25T19:22:58","slug":"se-desbarataron-tres-fiestas-clandestinas-durante-la-madrugada-de-domingo","status":"publish","type":"post","link":"https:\/\/eldiariodesanpedro.com.ar\/sitio\/se-desbarataron-tres-fiestas-clandestinas-durante-la-madrugada-de-domingo\/","title":{"rendered":"Se desbarataron tres fiestas clandestinas durante la madrugada de domingo"},"content":{"rendered":"<!-- VideographyWP Plugin Message: Automatic video embedding prevented by plugin options. -->\n\n<p>Durante la madrugada de este domingo la polic\u00eda en conjunto con el personal de inspecci\u00f3n de la municipalidad de San Pedro realizaron varios operativos donde se lograron desbaratar fiestas clandestinas.&nbsp;<\/p>\n\n\n\n<p>En primer lugar, alrededor de las&nbsp; 04.30&nbsp; horas, el personal policial alertado por una denuncia de un vecino acude a calle San Lorenzo s\/n en la zona de Cantando en el R\u00edo, en un lugar denominado \u201cRancho de Pedro\u201d, se estaba llevando a cabo evento, procediendo a desarticular el mismo, el cual se llevaba a cabo con la concurrencia de aproximadamente 50 personas. Se traslada al organizador due\u00f1o vivienda masculino de 27 a\u00f1os a quien se lo notifica por Infracci\u00f3n art. 205 C.P con intervenci\u00f3n de la fiscal\u00eda en turno e Infracci\u00f3n art. 993 Ordenanza 3884\/85 con intervenci\u00f3n del Tribunal de Faltas San Pedro.<\/p>\n\n\n\n<p>Minutos m\u00e1s tarde que el anterior alrededor de las 04.45 horas, el personal acude a calle Socorro al 940, donde se estaba desarrollando un evento, procediendo a desarticular el mismo, el cual se llevaba a cabo con la concurrencia de aproximadamente 100 personas. Se traslada al organizador due\u00f1o vivienda un joven de 20 a\u00f1os a quien se lo notifica por Infracci\u00f3n art. 205 C.P con intervenci\u00f3n de la fiscal\u00eda en turno e Infracci\u00f3n art. 993 Ordenanza 3884\/85 con intervenci\u00f3n del Tribunal de Faltas San Pedro.<\/p>\n\n\n\n<p>Por \u00faltimo alrededor de las 05 horas, el personal alertado acude a calle Ayacucho 435, donde se llevaba a cabo un tercer evento, donde se procedi\u00f3 a desarticular el mismo, el cual se llevaba a cabo con la concurrencia de aproximadamente 30 personas. Se traslada al organizador due\u00f1o ciudadano de 36 a\u00f1os de vivienda a quien se lo notifica por Infracci\u00f3n art. 205 C.P con intervenci\u00f3n de la fiscal\u00eda en turno e Infracci\u00f3n art. 993 Ordenanza 3884\/85 con intervenci\u00f3n del Tribunal de Faltas San Pedro.<\/p>\n","protected":false},"excerpt":{"rendered":"<p>Durante la madrugada de este domingo la polic\u00eda en conjunto con el personal de inspecci\u00f3n de la municipalidad de San Pedro realizaron varios operativos donde se lograron desbaratar fiestas clandestinas.&nbsp; En primer lugar, alrededor de las&nbsp; 04.30&nbsp; horas, el personal policial alertado por una denuncia de un vecino acude a calle San Lorenzo s\/n en [&hellip;]<\/p>\n","protected":false},"author":4,"featured_media":96269,"comment_status":"closed","ping_status":"closed","sticky":false,"template":"","format":"standard","meta":{"om_disable_all_campaigns":false,"_jetpack_memberships_contains_paid_content":false,"footnotes":""},"categories":[50,2,103],"tags":[],"class_list":["post-96266","post","type-post","status-publish","format-standard","has-post-thumbnail","hentry","category-destacadas","category-locales","category-policiales-locales"],"aioseo_notices":[],"gutentor_comment":0,"jetpack_featured_media_url":"https:\/\/eldiariodesanpedro.com.ar\/sitio\/wp-content\/uploads\/2021\/07\/vecinos-denuncian-una-fiesta-clandestina-en-la-zona-rural-de-canuelas-22604.jpg","jetpack_shortlink":"https:\/\/wp.me\/p6RhLt-p2G","jetpack_sharing_enabled":true,"_links":{"self":[{"href":"https:\/\/eldiariodesanpedro.com.ar\/sitio\/wp-json\/wp\/v2\/posts\/96266","targetHints":{"allow":["GET"]}}],"collection":[{"href":"https:\/\/eldiariodesanpedro.com.ar\/sitio\/wp-json\/wp\/v2\/posts"}],"about":[{"href":"https:\/\/eldiariodesanpedro.com.ar\/sitio\/wp-json\/wp\/v2\/types\/post"}],"author":[{"embeddable":true,"href":"https:\/\/eldiariodesanpedro.com.ar\/sitio\/wp-json\/wp\/v2\/users\/4"}],"replies":[{"embeddable":true,"href":"https:\/\/eldiariodesanpedro.com.ar\/sitio\/wp-json\/wp\/v2\/comments?post=96266"}],"version-history":[{"count":1,"href":"https:\/\/eldiariodesanpedro.com.ar\/sitio\/wp-json\/wp\/v2\/posts\/96266\/revisions"}],"predecessor-version":[{"id":96268,"href":"https:\/\/eldiariodesanpedro.com.ar\/sitio\/wp-json\/wp\/v2\/posts\/96266\/revisions\/96268"}],"wp:featuredmedia":[{"embeddable":true,"href":"https:\/\/eldiariodesanpedro.com.ar\/sitio\/wp-json\/wp\/v2\/media\/96269"}],"wp:attachment":[{"href":"https:\/\/eldiariodesanpedro.com.ar\/sitio\/wp-json\/wp\/v2\/media?parent=96266"}],"wp:term":[{"taxonomy":"category","embeddable":true,"href":"https:\/\/eldiariodesanpedro.com.ar\/sitio\/wp-json\/wp\/v2\/categories?post=96266"},{"taxonomy":"post_tag","embeddable":true,"href":"https:\/\/eldiariodesanpedro.com.ar\/sitio\/wp-json\/wp\/v2\/tags?post=96266"}],"curies":[{"name":"wp","href":"https:\/\/api.w.org\/{rel}","templated":true}]}}