{"id":96229,"date":"2021-07-23T18:30:33","date_gmt":"2021-07-23T21:30:33","guid":{"rendered":"https:\/\/eldiariodesanpedro.com.ar\/sitio\/?p=96229"},"modified":"2021-07-23T18:31:11","modified_gmt":"2021-07-23T21:31:11","slug":"moderna-desde-la-proxima-semana-empezaran-a-vacunar-a-chicos-desde-los-12-anos-a-17-anos","status":"publish","type":"post","link":"https:\/\/eldiariodesanpedro.com.ar\/sitio\/moderna-desde-la-proxima-semana-empezaran-a-vacunar-a-chicos-desde-los-12-anos-a-17-anos\/","title":{"rendered":"Moderna: Desde la pr\u00f3xima semana empezar\u00e1n a vacunar a chicos desde los 12 a\u00f1os a 17 a\u00f1os"},"content":{"rendered":"<!-- VideographyWP Plugin Message: Automatic video embedding prevented by plugin options. -->\n\n<p>La Agencia Europea de Medicina aprob\u00f3 este viernes la vacuna de Moderna para chicos de entre 12 y 17 a\u00f1os. Argentina comenzar\u00e1 por ni\u00f1os con factores de riesgo.<\/p>\n\n\n\n<p>Luego de que la\u00a0<strong>Agencia Europea de Medicina (EMA)<\/strong>\u00a0aprobara la\u00a0<strong>vacuna<\/strong>\u00a0del laboratorio\u00a0<strong>Moderna<\/strong>\u00a0para menores desde los 12 a\u00f1os, Argentina comenzar\u00e1 la vacunaci\u00f3n de j\u00f3venes, adolescentes, ni\u00f1os y ni\u00f1as con factores de riesgo.<\/p>\n\n\n\n<p>\u00abEl Comit\u00e9 de Medicamentos para Uso Humano (CHMP) de la EMA recomend\u00f3 conceder una extensi\u00f3n a la vacuna Covid-19 Spikevax (anteriormente conocida como Covid-19 Vaccine Moderna) para incluir su uso entre los menores de 12 a 17 a\u00f1os\u00bb, anunci\u00f3 el regulador europeo en un comunicado.<\/p>\n\n\n\n<p>De esta manera, la decisi\u00f3n del Gobierno nacional de tener en el centro log\u00edstico de Andreani durante 7 d\u00edas las\u00a03.500.000 de vacunas Moderna donadas por los Estados Unidos\u00a0result\u00f3 acertada y Argentina pasar\u00e1 a formar parte de los pocos pa\u00edses que iniciar\u00e1n esta estrategia, como EEUU, Canad\u00e1, China, Chile, Israel, Alemania, Francia, Italia, Hungr\u00eda, Polonia, Rumania, Singapur y Dub\u00e1i.<\/p>\n\n\n\n<p>El pr\u00f3ximo martes, en reuni\u00f3n del COFESA,&nbsp;los ministros de Salud de todo el pa\u00eds se definir\u00e1n los grupos y la estrategia de implementaci\u00f3n y formalizar\u00e1n el inicio de la vacunaci\u00f3n para este grupo priorizado&nbsp;en todo el pa\u00eds.<\/p>\n\n\n\n<p>Seg\u00fan las proyecciones, la poblaci\u00f3n de 12 a 17 a\u00f1os es de aproximadamente 4,25 millones de adolescentes y se estima que entre el 20 y el 25 por ciento puede tener comorbilidades. As\u00ed, una poblaci\u00f3n objetivo inicial ser\u00eda de 900.000 adolescentes, siendo necesarias 1.8 millones de dosis para asegurar el esquema completo.<\/p>\n\n\n\n<h2 class=\"wp-block-heading\">Moderna, una vacuna segura para menores de edad<\/h2>\n\n\n\n<p>Desarrollada con tecnolog\u00eda de ARN mensajero, la vacuna Moderna se administra en dos dosis y, seg\u00fan la la Organizaci\u00f3n Mundial de la Salud (OMS), puede conservarse a una temperatura de entre 2 \u00b0C y 8 \u00b0C durante un mes.<\/p>\n\n\n\n<p>La semana pasada, durante una videoconferencia con autoridades de la cartera sanitaria nacional y los integrantes de la CoNaIn, representantes del laboratorio estadounidense presentaron los resultados de sus ensayos cl\u00ednicos, la efectividad de la vacuna contra las nuevas variantes, la estrategia de refuerzo y los estudios llevados a cabo en adolescentes.<\/p>\n\n\n\n<p>En ese marco, los miembros de la comisi\u00f3n se expresaron positivamente en recomendar el uso de vacunas con plataforma ARNm en personas de 12 a 17 a\u00f1os, priorizando aquellos que pertenecen a los grupos de riesgo.<\/p>\n\n\n\n<p>Se trata del segundo f\u00e1rmaco despu\u00e9s de Pfizer autorizado para los adolescentes en los pa\u00edses de la Uni\u00f3n Europea (UE).<\/p>\n\n\n\n<h2 class=\"wp-block-heading\">Una respuesta para los padres con chicos con factores de riesgo<\/h2>\n\n\n\n<p>Preocupados por la salud de sus hijos con discapacidad y patolog\u00edas de riesgo frente a la pandemia de\u00a0<strong>coronavirus<\/strong>, padres y\u00a0madres de distintos puntos de Argentina se hab\u00edan unido\u00a0semanas atr\u00e1s para pedirle al Estado que arbitrara los medios necesarios para inmunizar a\u00a0<strong>chicos menores de edad<\/strong>\u00a0contra el coronavirus.<\/p>\n\n\n\n<p>\u00abEl problema no se limita al coronavirus exclusivamente, sino que las medidas de protecci\u00f3n extra que debemos adoptar no les permite acceder a sus terapias y llevar adelante sus rutinas, lo cual es clave para su desarrollo pleno\u00bb, expresaban desde \u00abVacuna me\u00bb, el colectivo que conformaron para darle impulso al reclamo.<\/p>\n\n\n\n<p>\u00abNuestros hijos est\u00e1n siendo dejados de lado en todo plan y estrategia de vacunaci\u00f3n por su condici\u00f3n y rango etario y necesitamos que esto sea revertido para que puedan gozar de su derecho a la salud y a un trato igualitario\u00bb, manifestaban.<\/p>\n\n\n\n<h2 class=\"wp-block-heading\">La llegada de vacunas Moderna a Argentina<\/h2>\n\n\n\n<p>Dos aviones de&nbsp;<strong>Aerol\u00edneas Argentinas<\/strong>&nbsp;llegaron la noche del 16 de julio al pa\u00eds con una carga de 3,5 millones de vacunas Moderna contra el coronavirus donadas por Estados Unidos.<\/p>\n\n\n\n<p>Las dosis desarrolladas por la empresa estadounidense de biotecnolog\u00eda fueron enviadas como parte de las donaciones que realiza la administraci\u00f3n del presidente Joe Biden a pa\u00edses en desarrollo, seg\u00fan inform\u00f3 la embajada norteamericana en Argentina.<\/p>\n\n\n\n<p>El cargamento fue recibido por el jefe de gabinete, Santiago Cafiero, quien agradeci\u00f3 a las autoridades del pa\u00eds norteamericano y destac\u00f3 que la donaci\u00f3n es la \u201cm\u00e1s importante\u201d que se haya hecho en la regi\u00f3n.<\/p>\n\n\n\n<p>La entrega fue posible por el decreto de necesidad y urgencia (DNU) que emiti\u00f3 el Poder Ejecutivo el 3 de julio pasado, que permiti\u00f3 la firma de un acuerdo con el laboratorio Moderna Inc. para el suministro de 20 millones de dosis de su f\u00e1rmaco contra la Covid-19 o las dosis equivalentes como refuerzo.<\/p>\n","protected":false},"excerpt":{"rendered":"<p>La Agencia Europea de Medicina aprob\u00f3 este viernes la vacuna de Moderna para chicos de entre 12 y 17 a\u00f1os. Argentina comenzar\u00e1 por ni\u00f1os con factores de riesgo. Luego de que la\u00a0Agencia Europea de Medicina (EMA)\u00a0aprobara la\u00a0vacuna\u00a0del laboratorio\u00a0Moderna\u00a0para menores desde los 12 a\u00f1os, Argentina comenzar\u00e1 la vacunaci\u00f3n de j\u00f3venes, adolescentes, ni\u00f1os y ni\u00f1as con factores [&hellip;]<\/p>\n","protected":false},"author":4,"featured_media":96230,"comment_status":"closed","ping_status":"closed","sticky":false,"template":"","format":"standard","meta":{"om_disable_all_campaigns":false,"_jetpack_memberships_contains_paid_content":false,"footnotes":""},"categories":[621],"tags":[],"class_list":["post-96229","post","type-post","status-publish","format-standard","has-post-thumbnail","hentry","category-regionales"],"aioseo_notices":[],"gutentor_comment":0,"jetpack_featured_media_url":"https:\/\/eldiariodesanpedro.com.ar\/sitio\/wp-content\/uploads\/2021\/07\/moderna-vacuna-dosiswebp.jpg","jetpack_shortlink":"https:\/\/wp.me\/p6RhLt-p25","jetpack_sharing_enabled":true,"_links":{"self":[{"href":"https:\/\/eldiariodesanpedro.com.ar\/sitio\/wp-json\/wp\/v2\/posts\/96229","targetHints":{"allow":["GET"]}}],"collection":[{"href":"https:\/\/eldiariodesanpedro.com.ar\/sitio\/wp-json\/wp\/v2\/posts"}],"about":[{"href":"https:\/\/eldiariodesanpedro.com.ar\/sitio\/wp-json\/wp\/v2\/types\/post"}],"author":[{"embeddable":true,"href":"https:\/\/eldiariodesanpedro.com.ar\/sitio\/wp-json\/wp\/v2\/users\/4"}],"replies":[{"embeddable":true,"href":"https:\/\/eldiariodesanpedro.com.ar\/sitio\/wp-json\/wp\/v2\/comments?post=96229"}],"version-history":[{"count":1,"href":"https:\/\/eldiariodesanpedro.com.ar\/sitio\/wp-json\/wp\/v2\/posts\/96229\/revisions"}],"predecessor-version":[{"id":96231,"href":"https:\/\/eldiariodesanpedro.com.ar\/sitio\/wp-json\/wp\/v2\/posts\/96229\/revisions\/96231"}],"wp:featuredmedia":[{"embeddable":true,"href":"https:\/\/eldiariodesanpedro.com.ar\/sitio\/wp-json\/wp\/v2\/media\/96230"}],"wp:attachment":[{"href":"https:\/\/eldiariodesanpedro.com.ar\/sitio\/wp-json\/wp\/v2\/media?parent=96229"}],"wp:term":[{"taxonomy":"category","embeddable":true,"href":"https:\/\/eldiariodesanpedro.com.ar\/sitio\/wp-json\/wp\/v2\/categories?post=96229"},{"taxonomy":"post_tag","embeddable":true,"href":"https:\/\/eldiariodesanpedro.com.ar\/sitio\/wp-json\/wp\/v2\/tags?post=96229"}],"curies":[{"name":"wp","href":"https:\/\/api.w.org\/{rel}","templated":true}]}}