{"id":96210,"date":"2021-07-23T17:36:02","date_gmt":"2021-07-23T20:36:02","guid":{"rendered":"https:\/\/eldiariodesanpedro.com.ar\/sitio\/?p=96210"},"modified":"2021-07-23T17:36:06","modified_gmt":"2021-07-23T20:36:06","slug":"recorrido-por-las-obras-de-internacion-en-el-hospital","status":"publish","type":"post","link":"https:\/\/eldiariodesanpedro.com.ar\/sitio\/recorrido-por-las-obras-de-internacion-en-el-hospital\/","title":{"rendered":"Recorrido por las obras de internaci\u00f3n en el Hospital"},"content":{"rendered":"<!-- VideographyWP Plugin Message: Automatic video embedding prevented by plugin options. -->\n\n<p>El intendente Cecilio Salazar estuvo recorriendo las obras que se llevan a cabo en el sector de internaci\u00f3n del Hospital Municipal Emilio Ruffa, en compa\u00f1\u00eda del Secretario de Salud Daniel Creus y el Director del Hospital Javier Sualdea.<\/p>\n\n\n\n<p>Durante la recorrida dialog\u00f3 con los trabajadores y se mostr\u00f3 muy satisfecho por el estado avanzado de las obras que son posibles con el acompa\u00f1amiento del Gobierno Provincial y el apoyo que se viene dando a la reactivaci\u00f3n de las obras p\u00fablicas para mejorar la infraestructura y la calidad de vida de los vecinos y vecinas de nuestra ciudad. Adem\u00e1s, se mostr\u00f3 agradecido al Ministro de Salud Daniel Goll\u00e1n por cumplir con su compromiso y destac\u00f3 el trabajo que viene realizando el Dr. Creus y su equipo de trabajo, quienes vienen desarrollando una gran tarea y trabajan por el hospital desde que comenzaron su gesti\u00f3n, adem\u00e1s de mostrarse gratamente sorprendido por el conocimiento de los detalles de la obra del Secretario de Salud al punto de parecer que fuera el propio Doctor quien dirigiera los trabajos.<br>Finalmente se manifest\u00f3 muy contento por todas las obras que se vienen realizando y las que van a seguir llegando, con algunas que se encuentran pre aprobadas desde el Gobierno de la Provincia de Buenos Aires para seguir trabajando y que las obras y las mejoras lleguen a todos nuestros vecinos y vecinas en infraestructura, salud y servicios, respondiendo con trabajo y gesti\u00f3n al reconocimiento que recibe de parte de la gente.<\/p>\n\n\n\n<p>Por su parte, el Secretario de Salud se mostr\u00f3 agradecido por la convocatoria y el apoyo constante recibido por el Intendente luego de su experiencia fallida del a\u00f1o 2015, adem\u00e1s de destacar la gesti\u00f3n que viene llevando a cabo Cecilio Salazar, recordando las mejoras en el \u00e1rea de Pediatr\u00eda que pudieron ser finalizadas antes de que terminen siendo \u201cnuestro Elefante Blanco\u201d y confirm\u00f3 que las obras actuales en el \u00e1rea de internaci\u00f3n est\u00e1n superando el l\u00edmite pre establecido dado que hay m\u00e1s personal y se trabaja con mucha rapidez y de muy buena manera aprovechando el impasse que nos est\u00e1 dando el virus que, \u201csi bien no se puede determinar su comportamiento\u201d con las campa\u00f1as de vacunaci\u00f3n que est\u00e1n siendo muy bien coordinadas, \u201cnos va a permitir terminar bien el a\u00f1o\u201d.<\/p>\n\n\n\n<figure class=\"wp-block-image size-large\"><img decoding=\"async\" width=\"1024\" height=\"682\" data-attachment-id=\"96212\" data-permalink=\"https:\/\/eldiariodesanpedro.com.ar\/sitio\/recorrido-por-las-obras-de-internacion-en-el-hospital\/whatsapp-image-2021-07-23-at-14-50-50\/\" data-orig-file=\"https:\/\/eldiariodesanpedro.com.ar\/sitio\/wp-content\/uploads\/2021\/07\/WhatsApp-Image-2021-07-23-at-14.50.50.jpeg\" data-orig-size=\"1280,853\" data-comments-opened=\"0\" data-image-meta=\"{&quot;aperture&quot;:&quot;0&quot;,&quot;credit&quot;:&quot;&quot;,&quot;camera&quot;:&quot;&quot;,&quot;caption&quot;:&quot;&quot;,&quot;created_timestamp&quot;:&quot;0&quot;,&quot;copyright&quot;:&quot;&quot;,&quot;focal_length&quot;:&quot;0&quot;,&quot;iso&quot;:&quot;0&quot;,&quot;shutter_speed&quot;:&quot;0&quot;,&quot;title&quot;:&quot;&quot;,&quot;orientation&quot;:&quot;0&quot;}\" data-image-title=\"WhatsApp Image 2021-07-23 at 14.50.50\" data-image-description=\"\" data-image-caption=\"\" data-large-file=\"https:\/\/eldiariodesanpedro.com.ar\/sitio\/wp-content\/uploads\/2021\/07\/WhatsApp-Image-2021-07-23-at-14.50.50-1024x682.jpeg\" data-src=\"https:\/\/eldiariodesanpedro.com.ar\/sitio\/wp-content\/uploads\/2021\/07\/WhatsApp-Image-2021-07-23-at-14.50.50-1024x682.jpeg\" alt=\"\" class=\"wp-image-96212 lazyload\" data-srcset=\"https:\/\/eldiariodesanpedro.com.ar\/sitio\/wp-content\/uploads\/2021\/07\/WhatsApp-Image-2021-07-23-at-14.50.50-1024x682.jpeg 1024w, https:\/\/eldiariodesanpedro.com.ar\/sitio\/wp-content\/uploads\/2021\/07\/WhatsApp-Image-2021-07-23-at-14.50.50-300x200.jpeg 300w, https:\/\/eldiariodesanpedro.com.ar\/sitio\/wp-content\/uploads\/2021\/07\/WhatsApp-Image-2021-07-23-at-14.50.50-768x512.jpeg 768w, https:\/\/eldiariodesanpedro.com.ar\/sitio\/wp-content\/uploads\/2021\/07\/WhatsApp-Image-2021-07-23-at-14.50.50.jpeg 1280w\" data-sizes=\"(max-width: 1024px) 100vw, 1024px\" src=\"data:image\/svg+xml;base64,PHN2ZyB3aWR0aD0iMSIgaGVpZ2h0PSIxIiB4bWxucz0iaHR0cDovL3d3dy53My5vcmcvMjAwMC9zdmciPjwvc3ZnPg==\" style=\"--smush-placeholder-width: 1024px; --smush-placeholder-aspect-ratio: 1024\/682;\" \/><\/figure>\n\n\n\n<figure class=\"wp-block-image size-large\"><img decoding=\"async\" width=\"1024\" height=\"683\" data-attachment-id=\"96213\" data-permalink=\"https:\/\/eldiariodesanpedro.com.ar\/sitio\/recorrido-por-las-obras-de-internacion-en-el-hospital\/whatsapp-image-2021-07-23-at-14-50-52-1\/\" data-orig-file=\"https:\/\/eldiariodesanpedro.com.ar\/sitio\/wp-content\/uploads\/2021\/07\/WhatsApp-Image-2021-07-23-at-14.50.52-1.jpeg\" data-orig-size=\"2048,1365\" data-comments-opened=\"0\" data-image-meta=\"{&quot;aperture&quot;:&quot;0&quot;,&quot;credit&quot;:&quot;&quot;,&quot;camera&quot;:&quot;&quot;,&quot;caption&quot;:&quot;&quot;,&quot;created_timestamp&quot;:&quot;0&quot;,&quot;copyright&quot;:&quot;&quot;,&quot;focal_length&quot;:&quot;0&quot;,&quot;iso&quot;:&quot;0&quot;,&quot;shutter_speed&quot;:&quot;0&quot;,&quot;title&quot;:&quot;&quot;,&quot;orientation&quot;:&quot;0&quot;}\" data-image-title=\"WhatsApp Image 2021-07-23 at 14.50.52 (1)\" data-image-description=\"\" data-image-caption=\"\" data-large-file=\"https:\/\/eldiariodesanpedro.com.ar\/sitio\/wp-content\/uploads\/2021\/07\/WhatsApp-Image-2021-07-23-at-14.50.52-1-1024x683.jpeg\" data-src=\"https:\/\/eldiariodesanpedro.com.ar\/sitio\/wp-content\/uploads\/2021\/07\/WhatsApp-Image-2021-07-23-at-14.50.52-1-1024x683.jpeg\" alt=\"\" class=\"wp-image-96213 lazyload\" data-srcset=\"https:\/\/eldiariodesanpedro.com.ar\/sitio\/wp-content\/uploads\/2021\/07\/WhatsApp-Image-2021-07-23-at-14.50.52-1-1024x683.jpeg 1024w, https:\/\/eldiariodesanpedro.com.ar\/sitio\/wp-content\/uploads\/2021\/07\/WhatsApp-Image-2021-07-23-at-14.50.52-1-300x200.jpeg 300w, https:\/\/eldiariodesanpedro.com.ar\/sitio\/wp-content\/uploads\/2021\/07\/WhatsApp-Image-2021-07-23-at-14.50.52-1-768x512.jpeg 768w, https:\/\/eldiariodesanpedro.com.ar\/sitio\/wp-content\/uploads\/2021\/07\/WhatsApp-Image-2021-07-23-at-14.50.52-1-1536x1024.jpeg 1536w, https:\/\/eldiariodesanpedro.com.ar\/sitio\/wp-content\/uploads\/2021\/07\/WhatsApp-Image-2021-07-23-at-14.50.52-1.jpeg 2048w\" data-sizes=\"(max-width: 1024px) 100vw, 1024px\" src=\"data:image\/svg+xml;base64,PHN2ZyB3aWR0aD0iMSIgaGVpZ2h0PSIxIiB4bWxucz0iaHR0cDovL3d3dy53My5vcmcvMjAwMC9zdmciPjwvc3ZnPg==\" style=\"--smush-placeholder-width: 1024px; --smush-placeholder-aspect-ratio: 1024\/683;\" \/><\/figure>\n","protected":false},"excerpt":{"rendered":"<p>El intendente Cecilio Salazar estuvo recorriendo las obras que se llevan a cabo en el sector de internaci\u00f3n del Hospital Municipal Emilio Ruffa, en compa\u00f1\u00eda del Secretario de Salud Daniel Creus y el Director del Hospital Javier Sualdea. Durante la recorrida dialog\u00f3 con los trabajadores y se mostr\u00f3 muy satisfecho por el estado avanzado de [&hellip;]<\/p>\n","protected":false},"author":4,"featured_media":96211,"comment_status":"closed","ping_status":"closed","sticky":false,"template":"","format":"standard","meta":{"om_disable_all_campaigns":false,"_jetpack_memberships_contains_paid_content":false,"footnotes":""},"categories":[50,101,2],"tags":[],"class_list":["post-96210","post","type-post","status-publish","format-standard","has-post-thumbnail","hentry","category-destacadas","category-interes-general-locales","category-locales"],"aioseo_notices":[],"gutentor_comment":0,"jetpack_featured_media_url":"https:\/\/eldiariodesanpedro.com.ar\/sitio\/wp-content\/uploads\/2021\/07\/WhatsApp-Image-2021-07-23-at-14.50.52.jpeg","jetpack_shortlink":"https:\/\/wp.me\/p6RhLt-p1M","jetpack_sharing_enabled":true,"_links":{"self":[{"href":"https:\/\/eldiariodesanpedro.com.ar\/sitio\/wp-json\/wp\/v2\/posts\/96210","targetHints":{"allow":["GET"]}}],"collection":[{"href":"https:\/\/eldiariodesanpedro.com.ar\/sitio\/wp-json\/wp\/v2\/posts"}],"about":[{"href":"https:\/\/eldiariodesanpedro.com.ar\/sitio\/wp-json\/wp\/v2\/types\/post"}],"author":[{"embeddable":true,"href":"https:\/\/eldiariodesanpedro.com.ar\/sitio\/wp-json\/wp\/v2\/users\/4"}],"replies":[{"embeddable":true,"href":"https:\/\/eldiariodesanpedro.com.ar\/sitio\/wp-json\/wp\/v2\/comments?post=96210"}],"version-history":[{"count":1,"href":"https:\/\/eldiariodesanpedro.com.ar\/sitio\/wp-json\/wp\/v2\/posts\/96210\/revisions"}],"predecessor-version":[{"id":96214,"href":"https:\/\/eldiariodesanpedro.com.ar\/sitio\/wp-json\/wp\/v2\/posts\/96210\/revisions\/96214"}],"wp:featuredmedia":[{"embeddable":true,"href":"https:\/\/eldiariodesanpedro.com.ar\/sitio\/wp-json\/wp\/v2\/media\/96211"}],"wp:attachment":[{"href":"https:\/\/eldiariodesanpedro.com.ar\/sitio\/wp-json\/wp\/v2\/media?parent=96210"}],"wp:term":[{"taxonomy":"category","embeddable":true,"href":"https:\/\/eldiariodesanpedro.com.ar\/sitio\/wp-json\/wp\/v2\/categories?post=96210"},{"taxonomy":"post_tag","embeddable":true,"href":"https:\/\/eldiariodesanpedro.com.ar\/sitio\/wp-json\/wp\/v2\/tags?post=96210"}],"curies":[{"name":"wp","href":"https:\/\/api.w.org\/{rel}","templated":true}]}}