{"id":96199,"date":"2021-07-23T12:34:33","date_gmt":"2021-07-23T15:34:33","guid":{"rendered":"https:\/\/eldiariodesanpedro.com.ar\/sitio\/?p=96199"},"modified":"2021-07-23T12:34:38","modified_gmt":"2021-07-23T15:34:38","slug":"campana-de-vacunacion-para-perros-y-gatos","status":"publish","type":"post","link":"https:\/\/eldiariodesanpedro.com.ar\/sitio\/campana-de-vacunacion-para-perros-y-gatos\/","title":{"rendered":"Campa\u00f1a de vacunaci\u00f3n para perros y gatos"},"content":{"rendered":"<!-- VideographyWP Plugin Message: Automatic video embedding prevented by plugin options. -->\n\n<p>El Departamento Canino informa que, continuando con la campa\u00f1a de vacunaci\u00f3n para perros y gatos. Se instalar\u00e1 un equipo del \u00e1rea en el Centro de Salud 1\u00b0 de Mayo ubicado en las calles Boulevard Moreno y Benefactoras Sampedrinas durante el d\u00eda de hoy, viernes 23 de julio.<\/p>\n\n\n\n<p>Se invita a quienes deseen acercar sus mascotas, pueden hacerlo respetando las medidas sanitarias vigentes entre las 9.00 hs y 12.30 hs. Les recordamos que todos los animales deber\u00e1n tener collar, correa y\/o bozal.<\/p>\n","protected":false},"excerpt":{"rendered":"<p>El Departamento Canino informa que, continuando con la campa\u00f1a de vacunaci\u00f3n para perros y gatos. Se instalar\u00e1 un equipo del \u00e1rea en el Centro de Salud 1\u00b0 de Mayo ubicado en las calles Boulevard Moreno y Benefactoras Sampedrinas durante el d\u00eda de hoy, viernes 23 de julio. Se invita a quienes deseen acercar sus mascotas, [&hellip;]<\/p>\n","protected":false},"author":4,"featured_media":96200,"comment_status":"closed","ping_status":"closed","sticky":false,"template":"","format":"standard","meta":{"om_disable_all_campaigns":false,"_jetpack_memberships_contains_paid_content":false,"footnotes":""},"categories":[101,2],"tags":[],"class_list":["post-96199","post","type-post","status-publish","format-standard","has-post-thumbnail","hentry","category-interes-general-locales","category-locales"],"aioseo_notices":[],"gutentor_comment":0,"jetpack_featured_media_url":"https:\/\/eldiariodesanpedro.com.ar\/sitio\/wp-content\/uploads\/2021\/07\/WhatsApp-Image-2021-07-23-at-08.23.56.jpeg","jetpack_shortlink":"https:\/\/wp.me\/p6RhLt-p1B","jetpack_sharing_enabled":true,"_links":{"self":[{"href":"https:\/\/eldiariodesanpedro.com.ar\/sitio\/wp-json\/wp\/v2\/posts\/96199","targetHints":{"allow":["GET"]}}],"collection":[{"href":"https:\/\/eldiariodesanpedro.com.ar\/sitio\/wp-json\/wp\/v2\/posts"}],"about":[{"href":"https:\/\/eldiariodesanpedro.com.ar\/sitio\/wp-json\/wp\/v2\/types\/post"}],"author":[{"embeddable":true,"href":"https:\/\/eldiariodesanpedro.com.ar\/sitio\/wp-json\/wp\/v2\/users\/4"}],"replies":[{"embeddable":true,"href":"https:\/\/eldiariodesanpedro.com.ar\/sitio\/wp-json\/wp\/v2\/comments?post=96199"}],"version-history":[{"count":1,"href":"https:\/\/eldiariodesanpedro.com.ar\/sitio\/wp-json\/wp\/v2\/posts\/96199\/revisions"}],"predecessor-version":[{"id":96202,"href":"https:\/\/eldiariodesanpedro.com.ar\/sitio\/wp-json\/wp\/v2\/posts\/96199\/revisions\/96202"}],"wp:featuredmedia":[{"embeddable":true,"href":"https:\/\/eldiariodesanpedro.com.ar\/sitio\/wp-json\/wp\/v2\/media\/96200"}],"wp:attachment":[{"href":"https:\/\/eldiariodesanpedro.com.ar\/sitio\/wp-json\/wp\/v2\/media?parent=96199"}],"wp:term":[{"taxonomy":"category","embeddable":true,"href":"https:\/\/eldiariodesanpedro.com.ar\/sitio\/wp-json\/wp\/v2\/categories?post=96199"},{"taxonomy":"post_tag","embeddable":true,"href":"https:\/\/eldiariodesanpedro.com.ar\/sitio\/wp-json\/wp\/v2\/tags?post=96199"}],"curies":[{"name":"wp","href":"https:\/\/api.w.org\/{rel}","templated":true}]}}