{"id":96193,"date":"2021-07-23T11:15:20","date_gmt":"2021-07-23T14:15:20","guid":{"rendered":"https:\/\/eldiariodesanpedro.com.ar\/sitio\/?p=96193"},"modified":"2021-07-23T11:15:24","modified_gmt":"2021-07-23T14:15:24","slug":"pago-mas-de-un-millon-de-pesos-por-un-auto-que-al-final-tenia-papeles-falsos","status":"publish","type":"post","link":"https:\/\/eldiariodesanpedro.com.ar\/sitio\/pago-mas-de-un-millon-de-pesos-por-un-auto-que-al-final-tenia-papeles-falsos\/","title":{"rendered":"Pag\u00f3 m\u00e1s de un mill\u00f3n de pesos por un auto que al final ten\u00eda papeles falsos"},"content":{"rendered":"<!-- VideographyWP Plugin Message: Automatic video embedding prevented by plugin options. -->\n\n<p>Se recibi\u00f3 una denuncia en la comisar\u00eda local por parte de un ciudadano que realiz\u00f3 la compra de un veh\u00edculo por valor mayor a un mill\u00f3n de pesos que al momento de transferirlo a su nombre constat\u00f3 que presentaba irregularidades.&nbsp;<\/p>\n\n\n\n<p>El hecho comenz\u00f3 el pasado s\u00e1bado cuando un ciudadano de nuestra ciudad realiz\u00f3 el dep\u00f3sito de $1.100.000 para la compra de un autom\u00f3vil a un vendedor a trav\u00e9s de la red social facebook.<\/p>\n\n\n\n<p>El comprador y v\u00edctima del hecho viaj\u00f3 hacia la ciudad de Mataderos donde con el veh\u00edculo en su poder intent\u00f3 hacer la transferencia del mismo por medio del Registro del Automotor donde constatan que la documentaci\u00f3n entregada no era la correspondiente del autom\u00f3vil.<\/p>\n","protected":false},"excerpt":{"rendered":"<p>Se recibi\u00f3 una denuncia en la comisar\u00eda local por parte de un ciudadano que realiz\u00f3 la compra de un veh\u00edculo por valor mayor a un mill\u00f3n de pesos que al momento de transferirlo a su nombre constat\u00f3 que presentaba irregularidades.&nbsp; El hecho comenz\u00f3 el pasado s\u00e1bado cuando un ciudadano de nuestra ciudad realiz\u00f3 el dep\u00f3sito [&hellip;]<\/p>\n","protected":false},"author":4,"featured_media":96194,"comment_status":"closed","ping_status":"closed","sticky":false,"template":"","format":"standard","meta":{"om_disable_all_campaigns":false,"_jetpack_memberships_contains_paid_content":false,"footnotes":""},"categories":[2,103],"tags":[],"class_list":["post-96193","post","type-post","status-publish","format-standard","has-post-thumbnail","hentry","category-locales","category-policiales-locales"],"aioseo_notices":[],"gutentor_comment":0,"jetpack_featured_media_url":"https:\/\/eldiariodesanpedro.com.ar\/sitio\/wp-content\/uploads\/2021\/07\/estafas.jpg","jetpack_shortlink":"https:\/\/wp.me\/p6RhLt-p1v","jetpack_sharing_enabled":true,"_links":{"self":[{"href":"https:\/\/eldiariodesanpedro.com.ar\/sitio\/wp-json\/wp\/v2\/posts\/96193","targetHints":{"allow":["GET"]}}],"collection":[{"href":"https:\/\/eldiariodesanpedro.com.ar\/sitio\/wp-json\/wp\/v2\/posts"}],"about":[{"href":"https:\/\/eldiariodesanpedro.com.ar\/sitio\/wp-json\/wp\/v2\/types\/post"}],"author":[{"embeddable":true,"href":"https:\/\/eldiariodesanpedro.com.ar\/sitio\/wp-json\/wp\/v2\/users\/4"}],"replies":[{"embeddable":true,"href":"https:\/\/eldiariodesanpedro.com.ar\/sitio\/wp-json\/wp\/v2\/comments?post=96193"}],"version-history":[{"count":1,"href":"https:\/\/eldiariodesanpedro.com.ar\/sitio\/wp-json\/wp\/v2\/posts\/96193\/revisions"}],"predecessor-version":[{"id":96195,"href":"https:\/\/eldiariodesanpedro.com.ar\/sitio\/wp-json\/wp\/v2\/posts\/96193\/revisions\/96195"}],"wp:featuredmedia":[{"embeddable":true,"href":"https:\/\/eldiariodesanpedro.com.ar\/sitio\/wp-json\/wp\/v2\/media\/96194"}],"wp:attachment":[{"href":"https:\/\/eldiariodesanpedro.com.ar\/sitio\/wp-json\/wp\/v2\/media?parent=96193"}],"wp:term":[{"taxonomy":"category","embeddable":true,"href":"https:\/\/eldiariodesanpedro.com.ar\/sitio\/wp-json\/wp\/v2\/categories?post=96193"},{"taxonomy":"post_tag","embeddable":true,"href":"https:\/\/eldiariodesanpedro.com.ar\/sitio\/wp-json\/wp\/v2\/tags?post=96193"}],"curies":[{"name":"wp","href":"https:\/\/api.w.org\/{rel}","templated":true}]}}