{"id":96190,"date":"2021-07-23T10:54:00","date_gmt":"2021-07-23T13:54:00","guid":{"rendered":"https:\/\/eldiariodesanpedro.com.ar\/sitio\/?p=96190"},"modified":"2021-07-23T10:54:05","modified_gmt":"2021-07-23T13:54:05","slug":"varios-aprehendidos-en-via-publica-por-diferentes-motivos","status":"publish","type":"post","link":"https:\/\/eldiariodesanpedro.com.ar\/sitio\/varios-aprehendidos-en-via-publica-por-diferentes-motivos\/","title":{"rendered":"Varios aprehendidos en v\u00eda p\u00fablica por diferentes motivos"},"content":{"rendered":"<!-- VideographyWP Plugin Message: Automatic video embedding prevented by plugin options. -->\n\n<p>Durante el da de ayer y la madrugada de hoy la polic\u00eda realizo la aprehensi\u00f3n de diferentes ciudadanos en la v\u00eda p\u00fablica por violaci\u00f3n a diferentes normas.<\/p>\n\n\n\n<p>Este jueves en horas de la tarde, el personal policial de 11 de Septiembre y General Pueyrred\u00f3n traslada a ciudadano de 19 a\u00f1os secuestrando en su poder envoltorio de nylon, en su interior marihuana \u00ednfimo pesaje. Se labraron actuaciones con intervenci\u00f3n de la justicia local.<\/p>\n\n\n\n<p>En la madrugada de hoy pasadas las 00 hs el personal policial se hace presente en calle Facundo Quiroga al 400 donde se aprehendi\u00f3 a ciudadano de 31 a\u00f1os, quien se encontraba realizando disturbios en la v\u00eda p\u00fablica en estado de ebriedad. Intervino el Juzgado de Paz por infracci\u00f3n al c\u00f3digo de faltas 8031.&nbsp;<\/p>\n\n\n\n<p>Tambi\u00e9n a la madrugada de hoy alrededor de la 01:05 Hs el personal policial en calle Pellegrini e H. Irigoyen, aprehenden a ciudadano de 22 a\u00f1os secuestrando en su poder cuchilla de gran tama\u00f1o. Intervino el Juzgado de Paz por infracci\u00f3n al c\u00f3digo de faltas ley 8031.<\/p>\n","protected":false},"excerpt":{"rendered":"<p>Durante el da de ayer y la madrugada de hoy la polic\u00eda realizo la aprehensi\u00f3n de diferentes ciudadanos en la v\u00eda p\u00fablica por violaci\u00f3n a diferentes normas. Este jueves en horas de la tarde, el personal policial de 11 de Septiembre y General Pueyrred\u00f3n traslada a ciudadano de 19 a\u00f1os secuestrando en su poder envoltorio [&hellip;]<\/p>\n","protected":false},"author":4,"featured_media":96191,"comment_status":"closed","ping_status":"closed","sticky":false,"template":"","format":"standard","meta":{"om_disable_all_campaigns":false,"_jetpack_memberships_contains_paid_content":false,"footnotes":""},"categories":[2,103],"tags":[],"class_list":["post-96190","post","type-post","status-publish","format-standard","has-post-thumbnail","hentry","category-locales","category-policiales-locales"],"aioseo_notices":[],"gutentor_comment":0,"jetpack_featured_media_url":"https:\/\/eldiariodesanpedro.com.ar\/sitio\/wp-content\/uploads\/2021\/07\/WhatsApp-Image-2021-07-23-at-10.07.09-1-rotated.jpeg","jetpack_shortlink":"https:\/\/wp.me\/p6RhLt-p1s","jetpack_sharing_enabled":true,"_links":{"self":[{"href":"https:\/\/eldiariodesanpedro.com.ar\/sitio\/wp-json\/wp\/v2\/posts\/96190","targetHints":{"allow":["GET"]}}],"collection":[{"href":"https:\/\/eldiariodesanpedro.com.ar\/sitio\/wp-json\/wp\/v2\/posts"}],"about":[{"href":"https:\/\/eldiariodesanpedro.com.ar\/sitio\/wp-json\/wp\/v2\/types\/post"}],"author":[{"embeddable":true,"href":"https:\/\/eldiariodesanpedro.com.ar\/sitio\/wp-json\/wp\/v2\/users\/4"}],"replies":[{"embeddable":true,"href":"https:\/\/eldiariodesanpedro.com.ar\/sitio\/wp-json\/wp\/v2\/comments?post=96190"}],"version-history":[{"count":1,"href":"https:\/\/eldiariodesanpedro.com.ar\/sitio\/wp-json\/wp\/v2\/posts\/96190\/revisions"}],"predecessor-version":[{"id":96192,"href":"https:\/\/eldiariodesanpedro.com.ar\/sitio\/wp-json\/wp\/v2\/posts\/96190\/revisions\/96192"}],"wp:featuredmedia":[{"embeddable":true,"href":"https:\/\/eldiariodesanpedro.com.ar\/sitio\/wp-json\/wp\/v2\/media\/96191"}],"wp:attachment":[{"href":"https:\/\/eldiariodesanpedro.com.ar\/sitio\/wp-json\/wp\/v2\/media?parent=96190"}],"wp:term":[{"taxonomy":"category","embeddable":true,"href":"https:\/\/eldiariodesanpedro.com.ar\/sitio\/wp-json\/wp\/v2\/categories?post=96190"},{"taxonomy":"post_tag","embeddable":true,"href":"https:\/\/eldiariodesanpedro.com.ar\/sitio\/wp-json\/wp\/v2\/tags?post=96190"}],"curies":[{"name":"wp","href":"https:\/\/api.w.org\/{rel}","templated":true}]}}