{"id":96187,"date":"2021-07-23T10:36:26","date_gmt":"2021-07-23T13:36:26","guid":{"rendered":"https:\/\/eldiariodesanpedro.com.ar\/sitio\/?p=96187"},"modified":"2021-07-23T10:36:30","modified_gmt":"2021-07-23T13:36:30","slug":"vacunaron-contra-el-covid-a-los-delincuentes-detenidos-en-la-comisaria-local","status":"publish","type":"post","link":"https:\/\/eldiariodesanpedro.com.ar\/sitio\/vacunaron-contra-el-covid-a-los-delincuentes-detenidos-en-la-comisaria-local\/","title":{"rendered":"Vacunaron contra el covid a los delincuentes detenidos en la comisaria local"},"content":{"rendered":"<!-- VideographyWP Plugin Message: Automatic video embedding prevented by plugin options. -->\n\n<p>En la jornada de ayer el plan de vacunaci\u00f3n lleg\u00f3 a los detenidos que se encuentran dentro de la comisar\u00eda local.<\/p>\n\n\n\n<p>Seg\u00fan informaron desde la comisar\u00eda y tras previas gestiones, el personal del centro vacunatorio covid 19 realiz\u00f3 la vacunaci\u00f3n de 5 reos que hacen la totalidad de los detenidos alojados en la comisar\u00eda, lo que resulta de suma necesidad por el tiempo que llevan de alojamiento.<\/p>\n\n\n\n<p>La medida fue tomada para resguardar no solo su integridad f\u00edsica de los detenidos sino en caso de posible contagio, sino la del personal policial tambi\u00e9n.<\/p>\n\n\n\n<p>Foto ilustrativa<\/p>\n","protected":false},"excerpt":{"rendered":"<p>En la jornada de ayer el plan de vacunaci\u00f3n lleg\u00f3 a los detenidos que se encuentran dentro de la comisar\u00eda local. Seg\u00fan informaron desde la comisar\u00eda y tras previas gestiones, el personal del centro vacunatorio covid 19 realiz\u00f3 la vacunaci\u00f3n de 5 reos que hacen la totalidad de los detenidos alojados en la comisar\u00eda, lo [&hellip;]<\/p>\n","protected":false},"author":4,"featured_media":96188,"comment_status":"closed","ping_status":"closed","sticky":false,"template":"","format":"standard","meta":{"om_disable_all_campaigns":false,"_jetpack_memberships_contains_paid_content":false,"footnotes":""},"categories":[50,2,103],"tags":[],"class_list":["post-96187","post","type-post","status-publish","format-standard","has-post-thumbnail","hentry","category-destacadas","category-locales","category-policiales-locales"],"aioseo_notices":[],"gutentor_comment":0,"jetpack_featured_media_url":"https:\/\/eldiariodesanpedro.com.ar\/sitio\/wp-content\/uploads\/2021\/07\/carceles.jpg","jetpack_shortlink":"https:\/\/wp.me\/p6RhLt-p1p","jetpack_sharing_enabled":true,"_links":{"self":[{"href":"https:\/\/eldiariodesanpedro.com.ar\/sitio\/wp-json\/wp\/v2\/posts\/96187","targetHints":{"allow":["GET"]}}],"collection":[{"href":"https:\/\/eldiariodesanpedro.com.ar\/sitio\/wp-json\/wp\/v2\/posts"}],"about":[{"href":"https:\/\/eldiariodesanpedro.com.ar\/sitio\/wp-json\/wp\/v2\/types\/post"}],"author":[{"embeddable":true,"href":"https:\/\/eldiariodesanpedro.com.ar\/sitio\/wp-json\/wp\/v2\/users\/4"}],"replies":[{"embeddable":true,"href":"https:\/\/eldiariodesanpedro.com.ar\/sitio\/wp-json\/wp\/v2\/comments?post=96187"}],"version-history":[{"count":1,"href":"https:\/\/eldiariodesanpedro.com.ar\/sitio\/wp-json\/wp\/v2\/posts\/96187\/revisions"}],"predecessor-version":[{"id":96189,"href":"https:\/\/eldiariodesanpedro.com.ar\/sitio\/wp-json\/wp\/v2\/posts\/96187\/revisions\/96189"}],"wp:featuredmedia":[{"embeddable":true,"href":"https:\/\/eldiariodesanpedro.com.ar\/sitio\/wp-json\/wp\/v2\/media\/96188"}],"wp:attachment":[{"href":"https:\/\/eldiariodesanpedro.com.ar\/sitio\/wp-json\/wp\/v2\/media?parent=96187"}],"wp:term":[{"taxonomy":"category","embeddable":true,"href":"https:\/\/eldiariodesanpedro.com.ar\/sitio\/wp-json\/wp\/v2\/categories?post=96187"},{"taxonomy":"post_tag","embeddable":true,"href":"https:\/\/eldiariodesanpedro.com.ar\/sitio\/wp-json\/wp\/v2\/tags?post=96187"}],"curies":[{"name":"wp","href":"https:\/\/api.w.org\/{rel}","templated":true}]}}