{"id":96181,"date":"2021-07-23T10:19:29","date_gmt":"2021-07-23T13:19:29","guid":{"rendered":"https:\/\/eldiariodesanpedro.com.ar\/sitio\/?p=96181"},"modified":"2021-07-23T10:19:33","modified_gmt":"2021-07-23T13:19:33","slug":"detienen-y-trasladan-al-penal-de-san-nicolas-a-un-delincuente-con-domiciliaria","status":"publish","type":"post","link":"https:\/\/eldiariodesanpedro.com.ar\/sitio\/detienen-y-trasladan-al-penal-de-san-nicolas-a-un-delincuente-con-domiciliaria\/","title":{"rendered":"Detienen y trasladan al penal de San Nicol\u00e1s a un delincuente con domiciliaria"},"content":{"rendered":"<!-- VideographyWP Plugin Message: Automatic video embedding prevented by plugin options. -->\n\n<p>En la jornada de ayer jueves la polic\u00eda de nuestra ciudad realiz\u00f3 la detenci\u00f3n de un sujeto por una causa de \u201cLesiones leves calificadas, violacion de domicilio y da\u00f1os\u201d.<\/p>\n\n\n\n<p>Este jueves alrededor de las 15 hs el personal policial del Gabinete Criminol\u00f3gico se hace presente en una vivienda ubicada en calle 60 de San Pedro donde procedieron a la detenci\u00f3n de un ciudadano de 36 a\u00f1os de edad sobre quien pesaba&nbsp; una orden de detenci\u00f3n y captura expedida por el Juzgado de Ejecuci\u00f3n penal de San Nicol\u00e1s.<\/p>\n\n\n\n<p>El detenido es una persona sobre la que pesa una condena por el delito de \u201clesiones leves calificadas, violaci\u00f3n de domicilio y da\u00f1os\u201d y por no cumplir la prisi\u00f3n domiciliaria ahora deber\u00e1 purgar condena en la unidad penal, por lo cual ser\u00e1 trasladado en los pr\u00f3ximos d\u00edas. \u00a0<\/p>\n","protected":false},"excerpt":{"rendered":"<p>En la jornada de ayer jueves la polic\u00eda de nuestra ciudad realiz\u00f3 la detenci\u00f3n de un sujeto por una causa de \u201cLesiones leves calificadas, violacion de domicilio y da\u00f1os\u201d. Este jueves alrededor de las 15 hs el personal policial del Gabinete Criminol\u00f3gico se hace presente en una vivienda ubicada en calle 60 de San Pedro [&hellip;]<\/p>\n","protected":false},"author":4,"featured_media":96182,"comment_status":"closed","ping_status":"closed","sticky":false,"template":"","format":"standard","meta":{"om_disable_all_campaigns":false,"_jetpack_memberships_contains_paid_content":false,"footnotes":""},"categories":[50,2,103],"tags":[],"class_list":["post-96181","post","type-post","status-publish","format-standard","has-post-thumbnail","hentry","category-destacadas","category-locales","category-policiales-locales"],"aioseo_notices":[],"gutentor_comment":0,"jetpack_featured_media_url":"https:\/\/eldiariodesanpedro.com.ar\/sitio\/wp-content\/uploads\/2021\/07\/WhatsApp-Image-2021-07-23-at-10.06.09.jpeg","jetpack_shortlink":"https:\/\/wp.me\/p6RhLt-p1j","jetpack_sharing_enabled":true,"_links":{"self":[{"href":"https:\/\/eldiariodesanpedro.com.ar\/sitio\/wp-json\/wp\/v2\/posts\/96181","targetHints":{"allow":["GET"]}}],"collection":[{"href":"https:\/\/eldiariodesanpedro.com.ar\/sitio\/wp-json\/wp\/v2\/posts"}],"about":[{"href":"https:\/\/eldiariodesanpedro.com.ar\/sitio\/wp-json\/wp\/v2\/types\/post"}],"author":[{"embeddable":true,"href":"https:\/\/eldiariodesanpedro.com.ar\/sitio\/wp-json\/wp\/v2\/users\/4"}],"replies":[{"embeddable":true,"href":"https:\/\/eldiariodesanpedro.com.ar\/sitio\/wp-json\/wp\/v2\/comments?post=96181"}],"version-history":[{"count":1,"href":"https:\/\/eldiariodesanpedro.com.ar\/sitio\/wp-json\/wp\/v2\/posts\/96181\/revisions"}],"predecessor-version":[{"id":96183,"href":"https:\/\/eldiariodesanpedro.com.ar\/sitio\/wp-json\/wp\/v2\/posts\/96181\/revisions\/96183"}],"wp:featuredmedia":[{"embeddable":true,"href":"https:\/\/eldiariodesanpedro.com.ar\/sitio\/wp-json\/wp\/v2\/media\/96182"}],"wp:attachment":[{"href":"https:\/\/eldiariodesanpedro.com.ar\/sitio\/wp-json\/wp\/v2\/media?parent=96181"}],"wp:term":[{"taxonomy":"category","embeddable":true,"href":"https:\/\/eldiariodesanpedro.com.ar\/sitio\/wp-json\/wp\/v2\/categories?post=96181"},{"taxonomy":"post_tag","embeddable":true,"href":"https:\/\/eldiariodesanpedro.com.ar\/sitio\/wp-json\/wp\/v2\/tags?post=96181"}],"curies":[{"name":"wp","href":"https:\/\/api.w.org\/{rel}","templated":true}]}}