{"id":96163,"date":"2021-07-22T17:57:27","date_gmt":"2021-07-22T20:57:27","guid":{"rendered":"https:\/\/eldiariodesanpedro.com.ar\/sitio\/?p=96163"},"modified":"2021-07-22T17:57:31","modified_gmt":"2021-07-22T20:57:31","slug":"se-realizo-la-firma-de-escrituras-para-46-familias","status":"publish","type":"post","link":"https:\/\/eldiariodesanpedro.com.ar\/sitio\/se-realizo-la-firma-de-escrituras-para-46-familias\/","title":{"rendered":"Se realiz\u00f3 la firma de escrituras para 46 familias"},"content":{"rendered":"<!-- VideographyWP Plugin Message: Automatic video embedding prevented by plugin options. -->\n\n<p>Con la presencia del Intendente Cecilio Salazar, el Secretario de Coordinaci\u00f3n Ram\u00f3n Salazar, el Secretario de Obras P\u00fablicas Javier Silva y la representante de la Escriban\u00eda General de Gobierno Rosa Borda, se realiz\u00f3 en el predio del Club Los Andes un acto al aire libre tomando todas las medidas de prevenci\u00f3n correspondientes para llevar a cabo el acto de firmas de escrituraciones que otorgan el t\u00edtulo de propiedad a 46 familias.<\/p>\n\n\n\n<p>Estas regularizaciones de dominio enmarcadas en la Ley 10.830 ya han posibilitado la entrega de 296 escrituras y la firma a la espera de la documentaci\u00f3n definitiva de 560, distribuidas en los barrios Arco Iris, 104 Viviendas, 118 viviendas de Castro (Centenario), Parque San Martin, Fonavi 1 y 2, San Francisco, 291 viviendas, 49 viviendas, 66 viviendas, y en zonas particulares.<\/p>\n\n\n\n<p>Adem\u00e1s est\u00e1n en tr\u00e1mite 181 expedientes iniciados en Escriban\u00eda General de Gobierno, un expediente de Plan Familia Propietaria con 106 viviendas para regularizar, 79 tr\u00e1mites iniciados en el Instituto de la Vivienda de la Provincia de Buenos Aires, un grupo de viviendas en cuatro manzanas en Las Canaletas que pronto tendr\u00e1n sus boletos y 10 tr\u00e1mites particulares en diferentes zonas de la ciudad.<\/p>\n\n\n\n<p>El Intendente destac\u00f3 la tarea que viene llevando a cabo la Oficina de Escrituraciones y agradeci\u00f3 a las familias que confiaron en las gestiones del \u00e1rea. Tambi\u00e9n habl\u00f3 a los presentes el Secretario de Coordinaci\u00f3n Ram\u00f3n Salazar quien recalc\u00f3 la importancia que tiene para las familias obtener la escritura de la casa y totalmente gratis. Adem\u00e1s, Javier Silva, Secretario de Obras P\u00fablicas enfatiz\u00f3 en la llegada de este d\u00eda, luego de no haber podido realizar durante el a\u00f1o anterior ninguna entrega de firmas a causa de la pandemia.<\/p>\n\n\n\n<p>Finalmente, la escribana Roda Borda, agradeci\u00f3 al Intendente y destac\u00f3 la intenci\u00f3n del gobierno local de volver a realizar estas entregas de firma antes de comenzar a llamar a las familias para concretar el tr\u00e1mite y realizar la estampa de la firma que les otorga el t\u00edtulo de propiedad.<\/p>\n\n\n\n<figure class=\"wp-block-image size-large\"><img decoding=\"async\" width=\"1024\" height=\"682\" data-attachment-id=\"96165\" data-permalink=\"https:\/\/eldiariodesanpedro.com.ar\/sitio\/se-realizo-la-firma-de-escrituras-para-46-familias\/whatsapp-image-2021-07-22-at-15-28-56\/\" data-orig-file=\"https:\/\/eldiariodesanpedro.com.ar\/sitio\/wp-content\/uploads\/2021\/07\/WhatsApp-Image-2021-07-22-at-15.28.56.jpeg\" data-orig-size=\"1280,853\" data-comments-opened=\"0\" data-image-meta=\"{&quot;aperture&quot;:&quot;0&quot;,&quot;credit&quot;:&quot;&quot;,&quot;camera&quot;:&quot;&quot;,&quot;caption&quot;:&quot;&quot;,&quot;created_timestamp&quot;:&quot;0&quot;,&quot;copyright&quot;:&quot;&quot;,&quot;focal_length&quot;:&quot;0&quot;,&quot;iso&quot;:&quot;0&quot;,&quot;shutter_speed&quot;:&quot;0&quot;,&quot;title&quot;:&quot;&quot;,&quot;orientation&quot;:&quot;0&quot;}\" data-image-title=\"WhatsApp Image 2021-07-22 at 15.28.56\" data-image-description=\"\" data-image-caption=\"\" data-large-file=\"https:\/\/eldiariodesanpedro.com.ar\/sitio\/wp-content\/uploads\/2021\/07\/WhatsApp-Image-2021-07-22-at-15.28.56-1024x682.jpeg\" data-src=\"https:\/\/eldiariodesanpedro.com.ar\/sitio\/wp-content\/uploads\/2021\/07\/WhatsApp-Image-2021-07-22-at-15.28.56-1024x682.jpeg\" alt=\"\" class=\"wp-image-96165 lazyload\" data-srcset=\"https:\/\/eldiariodesanpedro.com.ar\/sitio\/wp-content\/uploads\/2021\/07\/WhatsApp-Image-2021-07-22-at-15.28.56-1024x682.jpeg 1024w, https:\/\/eldiariodesanpedro.com.ar\/sitio\/wp-content\/uploads\/2021\/07\/WhatsApp-Image-2021-07-22-at-15.28.56-300x200.jpeg 300w, https:\/\/eldiariodesanpedro.com.ar\/sitio\/wp-content\/uploads\/2021\/07\/WhatsApp-Image-2021-07-22-at-15.28.56-768x512.jpeg 768w, https:\/\/eldiariodesanpedro.com.ar\/sitio\/wp-content\/uploads\/2021\/07\/WhatsApp-Image-2021-07-22-at-15.28.56.jpeg 1280w\" data-sizes=\"(max-width: 1024px) 100vw, 1024px\" src=\"data:image\/svg+xml;base64,PHN2ZyB3aWR0aD0iMSIgaGVpZ2h0PSIxIiB4bWxucz0iaHR0cDovL3d3dy53My5vcmcvMjAwMC9zdmciPjwvc3ZnPg==\" style=\"--smush-placeholder-width: 1024px; --smush-placeholder-aspect-ratio: 1024\/682;\" \/><\/figure>\n\n\n\n<figure class=\"wp-block-image size-large\"><img decoding=\"async\" width=\"1024\" height=\"682\" data-attachment-id=\"96166\" data-permalink=\"https:\/\/eldiariodesanpedro.com.ar\/sitio\/se-realizo-la-firma-de-escrituras-para-46-familias\/whatsapp-image-2021-07-22-at-15-28-57\/\" data-orig-file=\"https:\/\/eldiariodesanpedro.com.ar\/sitio\/wp-content\/uploads\/2021\/07\/WhatsApp-Image-2021-07-22-at-15.28.57.jpeg\" data-orig-size=\"1280,853\" data-comments-opened=\"0\" data-image-meta=\"{&quot;aperture&quot;:&quot;0&quot;,&quot;credit&quot;:&quot;&quot;,&quot;camera&quot;:&quot;&quot;,&quot;caption&quot;:&quot;&quot;,&quot;created_timestamp&quot;:&quot;0&quot;,&quot;copyright&quot;:&quot;&quot;,&quot;focal_length&quot;:&quot;0&quot;,&quot;iso&quot;:&quot;0&quot;,&quot;shutter_speed&quot;:&quot;0&quot;,&quot;title&quot;:&quot;&quot;,&quot;orientation&quot;:&quot;0&quot;}\" data-image-title=\"WhatsApp Image 2021-07-22 at 15.28.57\" data-image-description=\"\" data-image-caption=\"\" data-large-file=\"https:\/\/eldiariodesanpedro.com.ar\/sitio\/wp-content\/uploads\/2021\/07\/WhatsApp-Image-2021-07-22-at-15.28.57-1024x682.jpeg\" data-src=\"https:\/\/eldiariodesanpedro.com.ar\/sitio\/wp-content\/uploads\/2021\/07\/WhatsApp-Image-2021-07-22-at-15.28.57-1024x682.jpeg\" alt=\"\" class=\"wp-image-96166 lazyload\" data-srcset=\"https:\/\/eldiariodesanpedro.com.ar\/sitio\/wp-content\/uploads\/2021\/07\/WhatsApp-Image-2021-07-22-at-15.28.57-1024x682.jpeg 1024w, https:\/\/eldiariodesanpedro.com.ar\/sitio\/wp-content\/uploads\/2021\/07\/WhatsApp-Image-2021-07-22-at-15.28.57-300x200.jpeg 300w, https:\/\/eldiariodesanpedro.com.ar\/sitio\/wp-content\/uploads\/2021\/07\/WhatsApp-Image-2021-07-22-at-15.28.57-768x512.jpeg 768w, https:\/\/eldiariodesanpedro.com.ar\/sitio\/wp-content\/uploads\/2021\/07\/WhatsApp-Image-2021-07-22-at-15.28.57.jpeg 1280w\" data-sizes=\"(max-width: 1024px) 100vw, 1024px\" src=\"data:image\/svg+xml;base64,PHN2ZyB3aWR0aD0iMSIgaGVpZ2h0PSIxIiB4bWxucz0iaHR0cDovL3d3dy53My5vcmcvMjAwMC9zdmciPjwvc3ZnPg==\" style=\"--smush-placeholder-width: 1024px; --smush-placeholder-aspect-ratio: 1024\/682;\" \/><\/figure>\n\n\n\n<figure class=\"wp-block-image size-large\"><img decoding=\"async\" width=\"1024\" height=\"682\" data-attachment-id=\"96167\" data-permalink=\"https:\/\/eldiariodesanpedro.com.ar\/sitio\/se-realizo-la-firma-de-escrituras-para-46-familias\/whatsapp-image-2021-07-22-at-15-29-00\/\" data-orig-file=\"https:\/\/eldiariodesanpedro.com.ar\/sitio\/wp-content\/uploads\/2021\/07\/WhatsApp-Image-2021-07-22-at-15.29.00.jpeg\" data-orig-size=\"1280,853\" data-comments-opened=\"0\" data-image-meta=\"{&quot;aperture&quot;:&quot;0&quot;,&quot;credit&quot;:&quot;&quot;,&quot;camera&quot;:&quot;&quot;,&quot;caption&quot;:&quot;&quot;,&quot;created_timestamp&quot;:&quot;0&quot;,&quot;copyright&quot;:&quot;&quot;,&quot;focal_length&quot;:&quot;0&quot;,&quot;iso&quot;:&quot;0&quot;,&quot;shutter_speed&quot;:&quot;0&quot;,&quot;title&quot;:&quot;&quot;,&quot;orientation&quot;:&quot;0&quot;}\" data-image-title=\"WhatsApp Image 2021-07-22 at 15.29.00\" data-image-description=\"\" data-image-caption=\"\" data-large-file=\"https:\/\/eldiariodesanpedro.com.ar\/sitio\/wp-content\/uploads\/2021\/07\/WhatsApp-Image-2021-07-22-at-15.29.00-1024x682.jpeg\" data-src=\"https:\/\/eldiariodesanpedro.com.ar\/sitio\/wp-content\/uploads\/2021\/07\/WhatsApp-Image-2021-07-22-at-15.29.00-1024x682.jpeg\" alt=\"\" class=\"wp-image-96167 lazyload\" data-srcset=\"https:\/\/eldiariodesanpedro.com.ar\/sitio\/wp-content\/uploads\/2021\/07\/WhatsApp-Image-2021-07-22-at-15.29.00-1024x682.jpeg 1024w, https:\/\/eldiariodesanpedro.com.ar\/sitio\/wp-content\/uploads\/2021\/07\/WhatsApp-Image-2021-07-22-at-15.29.00-300x200.jpeg 300w, https:\/\/eldiariodesanpedro.com.ar\/sitio\/wp-content\/uploads\/2021\/07\/WhatsApp-Image-2021-07-22-at-15.29.00-768x512.jpeg 768w, https:\/\/eldiariodesanpedro.com.ar\/sitio\/wp-content\/uploads\/2021\/07\/WhatsApp-Image-2021-07-22-at-15.29.00.jpeg 1280w\" data-sizes=\"(max-width: 1024px) 100vw, 1024px\" src=\"data:image\/svg+xml;base64,PHN2ZyB3aWR0aD0iMSIgaGVpZ2h0PSIxIiB4bWxucz0iaHR0cDovL3d3dy53My5vcmcvMjAwMC9zdmciPjwvc3ZnPg==\" style=\"--smush-placeholder-width: 1024px; --smush-placeholder-aspect-ratio: 1024\/682;\" \/><\/figure>\n","protected":false},"excerpt":{"rendered":"<p>Con la presencia del Intendente Cecilio Salazar, el Secretario de Coordinaci\u00f3n Ram\u00f3n Salazar, el Secretario de Obras P\u00fablicas Javier Silva y la representante de la Escriban\u00eda General de Gobierno Rosa Borda, se realiz\u00f3 en el predio del Club Los Andes un acto al aire libre tomando todas las medidas de prevenci\u00f3n correspondientes para llevar a [&hellip;]<\/p>\n","protected":false},"author":4,"featured_media":96164,"comment_status":"closed","ping_status":"closed","sticky":false,"template":"","format":"standard","meta":{"om_disable_all_campaigns":false,"_jetpack_memberships_contains_paid_content":false,"footnotes":""},"categories":[101,2],"tags":[],"class_list":["post-96163","post","type-post","status-publish","format-standard","has-post-thumbnail","hentry","category-interes-general-locales","category-locales"],"aioseo_notices":[],"gutentor_comment":0,"jetpack_featured_media_url":"https:\/\/eldiariodesanpedro.com.ar\/sitio\/wp-content\/uploads\/2021\/07\/WhatsApp-Image-2021-07-22-at-15.28.55.jpeg","jetpack_shortlink":"https:\/\/wp.me\/p6RhLt-p11","jetpack_sharing_enabled":true,"_links":{"self":[{"href":"https:\/\/eldiariodesanpedro.com.ar\/sitio\/wp-json\/wp\/v2\/posts\/96163","targetHints":{"allow":["GET"]}}],"collection":[{"href":"https:\/\/eldiariodesanpedro.com.ar\/sitio\/wp-json\/wp\/v2\/posts"}],"about":[{"href":"https:\/\/eldiariodesanpedro.com.ar\/sitio\/wp-json\/wp\/v2\/types\/post"}],"author":[{"embeddable":true,"href":"https:\/\/eldiariodesanpedro.com.ar\/sitio\/wp-json\/wp\/v2\/users\/4"}],"replies":[{"embeddable":true,"href":"https:\/\/eldiariodesanpedro.com.ar\/sitio\/wp-json\/wp\/v2\/comments?post=96163"}],"version-history":[{"count":1,"href":"https:\/\/eldiariodesanpedro.com.ar\/sitio\/wp-json\/wp\/v2\/posts\/96163\/revisions"}],"predecessor-version":[{"id":96168,"href":"https:\/\/eldiariodesanpedro.com.ar\/sitio\/wp-json\/wp\/v2\/posts\/96163\/revisions\/96168"}],"wp:featuredmedia":[{"embeddable":true,"href":"https:\/\/eldiariodesanpedro.com.ar\/sitio\/wp-json\/wp\/v2\/media\/96164"}],"wp:attachment":[{"href":"https:\/\/eldiariodesanpedro.com.ar\/sitio\/wp-json\/wp\/v2\/media?parent=96163"}],"wp:term":[{"taxonomy":"category","embeddable":true,"href":"https:\/\/eldiariodesanpedro.com.ar\/sitio\/wp-json\/wp\/v2\/categories?post=96163"},{"taxonomy":"post_tag","embeddable":true,"href":"https:\/\/eldiariodesanpedro.com.ar\/sitio\/wp-json\/wp\/v2\/tags?post=96163"}],"curies":[{"name":"wp","href":"https:\/\/api.w.org\/{rel}","templated":true}]}}