{"id":96161,"date":"2021-07-22T17:45:10","date_gmt":"2021-07-22T20:45:10","guid":{"rendered":"https:\/\/eldiariodesanpedro.com.ar\/sitio\/?p=96161"},"modified":"2021-07-22T17:45:14","modified_gmt":"2021-07-22T20:45:14","slug":"corte-de-energia-programado-para-paraje-tablas-y-la-matilde","status":"publish","type":"post","link":"https:\/\/eldiariodesanpedro.com.ar\/sitio\/corte-de-energia-programado-para-paraje-tablas-y-la-matilde\/","title":{"rendered":"Corte de energ\u00eda programado para Paraje Tablas y La Matilde"},"content":{"rendered":"<!-- VideographyWP Plugin Message: Automatic video embedding prevented by plugin options. -->\n\n<p>COOPSER informa que ma\u00f1ana viernes 23 de julio se realizar\u00e1 un corte de energ\u00eda el\u00e9ctrica para tareas de mantenimiento abarcando la zona del Paraje Tablas y Callej\u00f3n La Matilde, entre las 8 y las 13.<\/p>\n\n\n\n<p><strong>En caso de mal tiempo ser\u00e1 reprogramado.<\/strong><\/p>\n","protected":false},"excerpt":{"rendered":"<p>COOPSER informa que ma\u00f1ana viernes 23 de julio se realizar\u00e1 un corte de energ\u00eda el\u00e9ctrica para tareas de mantenimiento abarcando la zona del Paraje Tablas y Callej\u00f3n La Matilde, entre las 8 y las 13. En caso de mal tiempo ser\u00e1 reprogramado.<\/p>\n","protected":false},"author":4,"featured_media":79058,"comment_status":"closed","ping_status":"closed","sticky":false,"template":"","format":"standard","meta":{"om_disable_all_campaigns":false,"_jetpack_memberships_contains_paid_content":false,"footnotes":""},"categories":[101,2],"tags":[],"class_list":["post-96161","post","type-post","status-publish","format-standard","has-post-thumbnail","hentry","category-interes-general-locales","category-locales"],"aioseo_notices":[],"gutentor_comment":0,"jetpack_featured_media_url":"https:\/\/eldiariodesanpedro.com.ar\/sitio\/wp-content\/uploads\/2020\/08\/archivo-coopser.jpeg","jetpack_shortlink":"https:\/\/wp.me\/p6RhLt-p0Z","jetpack_sharing_enabled":true,"_links":{"self":[{"href":"https:\/\/eldiariodesanpedro.com.ar\/sitio\/wp-json\/wp\/v2\/posts\/96161","targetHints":{"allow":["GET"]}}],"collection":[{"href":"https:\/\/eldiariodesanpedro.com.ar\/sitio\/wp-json\/wp\/v2\/posts"}],"about":[{"href":"https:\/\/eldiariodesanpedro.com.ar\/sitio\/wp-json\/wp\/v2\/types\/post"}],"author":[{"embeddable":true,"href":"https:\/\/eldiariodesanpedro.com.ar\/sitio\/wp-json\/wp\/v2\/users\/4"}],"replies":[{"embeddable":true,"href":"https:\/\/eldiariodesanpedro.com.ar\/sitio\/wp-json\/wp\/v2\/comments?post=96161"}],"version-history":[{"count":1,"href":"https:\/\/eldiariodesanpedro.com.ar\/sitio\/wp-json\/wp\/v2\/posts\/96161\/revisions"}],"predecessor-version":[{"id":96162,"href":"https:\/\/eldiariodesanpedro.com.ar\/sitio\/wp-json\/wp\/v2\/posts\/96161\/revisions\/96162"}],"wp:featuredmedia":[{"embeddable":true,"href":"https:\/\/eldiariodesanpedro.com.ar\/sitio\/wp-json\/wp\/v2\/media\/79058"}],"wp:attachment":[{"href":"https:\/\/eldiariodesanpedro.com.ar\/sitio\/wp-json\/wp\/v2\/media?parent=96161"}],"wp:term":[{"taxonomy":"category","embeddable":true,"href":"https:\/\/eldiariodesanpedro.com.ar\/sitio\/wp-json\/wp\/v2\/categories?post=96161"},{"taxonomy":"post_tag","embeddable":true,"href":"https:\/\/eldiariodesanpedro.com.ar\/sitio\/wp-json\/wp\/v2\/tags?post=96161"}],"curies":[{"name":"wp","href":"https:\/\/api.w.org\/{rel}","templated":true}]}}