{"id":96152,"date":"2021-07-22T10:55:28","date_gmt":"2021-07-22T13:55:28","guid":{"rendered":"https:\/\/eldiariodesanpedro.com.ar\/sitio\/?p=96152"},"modified":"2021-07-22T12:19:49","modified_gmt":"2021-07-22T15:19:49","slug":"incendio-de-un-automovil-en-santa-lucia-seria-intencional","status":"publish","type":"post","link":"https:\/\/eldiariodesanpedro.com.ar\/sitio\/incendio-de-un-automovil-en-santa-lucia-seria-intencional\/","title":{"rendered":"Incendio de un autom\u00f3vil en Santa Lucia, seria intencional"},"content":{"rendered":"<!-- VideographyWP Plugin Message: Automatic video embedding prevented by plugin options. -->\n\n<p>En horas de la madrugada de este jueves la polic\u00eda se hizo presente en una vivienda ubicada en Santa Lucia.<\/p>\n\n\n\n<p>Alrededor de las 04:15 hs en un domicilio ubicado en calle Farrel al 600 donde se constat\u00f3 que un autom\u00f3vil estacionado en la v\u00eda p\u00fablica se estaba incendiando.<\/p>\n\n\n\n<p>Seg\u00fan la propietaria podr\u00eda ser intencional.<\/p>\n","protected":false},"excerpt":{"rendered":"<p>En horas de la madrugada de este jueves la polic\u00eda se hizo presente en una vivienda ubicada en Santa Lucia. Alrededor de las 04:15 hs en un domicilio ubicado en calle Farrel al 600 donde se constat\u00f3 que un autom\u00f3vil estacionado en la v\u00eda p\u00fablica se estaba incendiando. Seg\u00fan la propietaria podr\u00eda ser intencional.<\/p>\n","protected":false},"author":4,"featured_media":96157,"comment_status":"closed","ping_status":"closed","sticky":false,"template":"","format":"standard","meta":{"om_disable_all_campaigns":false,"_jetpack_memberships_contains_paid_content":false,"footnotes":""},"categories":[50,2,103],"tags":[],"class_list":["post-96152","post","type-post","status-publish","format-standard","has-post-thumbnail","hentry","category-destacadas","category-locales","category-policiales-locales"],"aioseo_notices":[],"gutentor_comment":0,"jetpack_featured_media_url":"https:\/\/eldiariodesanpedro.com.ar\/sitio\/wp-content\/uploads\/2021\/07\/WhatsApp-Image-2021-07-22-at-12.00.06.jpeg","jetpack_shortlink":"https:\/\/wp.me\/p6RhLt-p0Q","jetpack_sharing_enabled":true,"_links":{"self":[{"href":"https:\/\/eldiariodesanpedro.com.ar\/sitio\/wp-json\/wp\/v2\/posts\/96152","targetHints":{"allow":["GET"]}}],"collection":[{"href":"https:\/\/eldiariodesanpedro.com.ar\/sitio\/wp-json\/wp\/v2\/posts"}],"about":[{"href":"https:\/\/eldiariodesanpedro.com.ar\/sitio\/wp-json\/wp\/v2\/types\/post"}],"author":[{"embeddable":true,"href":"https:\/\/eldiariodesanpedro.com.ar\/sitio\/wp-json\/wp\/v2\/users\/4"}],"replies":[{"embeddable":true,"href":"https:\/\/eldiariodesanpedro.com.ar\/sitio\/wp-json\/wp\/v2\/comments?post=96152"}],"version-history":[{"count":1,"href":"https:\/\/eldiariodesanpedro.com.ar\/sitio\/wp-json\/wp\/v2\/posts\/96152\/revisions"}],"predecessor-version":[{"id":96154,"href":"https:\/\/eldiariodesanpedro.com.ar\/sitio\/wp-json\/wp\/v2\/posts\/96152\/revisions\/96154"}],"wp:featuredmedia":[{"embeddable":true,"href":"https:\/\/eldiariodesanpedro.com.ar\/sitio\/wp-json\/wp\/v2\/media\/96157"}],"wp:attachment":[{"href":"https:\/\/eldiariodesanpedro.com.ar\/sitio\/wp-json\/wp\/v2\/media?parent=96152"}],"wp:term":[{"taxonomy":"category","embeddable":true,"href":"https:\/\/eldiariodesanpedro.com.ar\/sitio\/wp-json\/wp\/v2\/categories?post=96152"},{"taxonomy":"post_tag","embeddable":true,"href":"https:\/\/eldiariodesanpedro.com.ar\/sitio\/wp-json\/wp\/v2\/tags?post=96152"}],"curies":[{"name":"wp","href":"https:\/\/api.w.org\/{rel}","templated":true}]}}