{"id":96146,"date":"2021-07-22T10:01:26","date_gmt":"2021-07-22T13:01:26","guid":{"rendered":"https:\/\/eldiariodesanpedro.com.ar\/sitio\/?p=96146"},"modified":"2021-07-22T10:01:30","modified_gmt":"2021-07-22T13:01:30","slug":"denuncia-por-el-robo-de-una-bicicleta-estacionada-en-la-via-publica","status":"publish","type":"post","link":"https:\/\/eldiariodesanpedro.com.ar\/sitio\/denuncia-por-el-robo-de-una-bicicleta-estacionada-en-la-via-publica\/","title":{"rendered":"Denuncia por el robo de una bicicleta estacionada en la v\u00eda p\u00fablica"},"content":{"rendered":"<!-- VideographyWP Plugin Message: Automatic video embedding prevented by plugin options. -->\n\n<p>En la jornada de ayer mi\u00e9rcoles alrededor de las 16 horas un ciudadano de 54 a\u00f1os se hace presente en la comisar\u00eda local para realizar una denuncia quien manifiesta que el mismo d\u00eda en horas de la ma\u00f1ana constata que autores ignorados sustraen bicicleta de su domicilio Laprida al 1500, vivienda de un amigo de la familia que la hab\u00eda dejado estacionada.<\/p>\n\n\n\n<p>Se investiga con intervenci\u00f3n de la fiscal\u00eda local.<\/p>\n","protected":false},"excerpt":{"rendered":"<p>En la jornada de ayer mi\u00e9rcoles alrededor de las 16 horas un ciudadano de 54 a\u00f1os se hace presente en la comisar\u00eda local para realizar una denuncia quien manifiesta que el mismo d\u00eda en horas de la ma\u00f1ana constata que autores ignorados sustraen bicicleta de su domicilio Laprida al 1500, vivienda de un amigo de [&hellip;]<\/p>\n","protected":false},"author":4,"featured_media":45394,"comment_status":"closed","ping_status":"closed","sticky":false,"template":"","format":"standard","meta":{"om_disable_all_campaigns":false,"_jetpack_memberships_contains_paid_content":false,"footnotes":""},"categories":[2,103],"tags":[],"class_list":["post-96146","post","type-post","status-publish","format-standard","has-post-thumbnail","hentry","category-locales","category-policiales-locales"],"aioseo_notices":[],"gutentor_comment":0,"jetpack_featured_media_url":"https:\/\/eldiariodesanpedro.com.ar\/sitio\/wp-content\/uploads\/2019\/01\/comisaria.jpg","jetpack_shortlink":"https:\/\/wp.me\/p6RhLt-p0K","jetpack_sharing_enabled":true,"_links":{"self":[{"href":"https:\/\/eldiariodesanpedro.com.ar\/sitio\/wp-json\/wp\/v2\/posts\/96146","targetHints":{"allow":["GET"]}}],"collection":[{"href":"https:\/\/eldiariodesanpedro.com.ar\/sitio\/wp-json\/wp\/v2\/posts"}],"about":[{"href":"https:\/\/eldiariodesanpedro.com.ar\/sitio\/wp-json\/wp\/v2\/types\/post"}],"author":[{"embeddable":true,"href":"https:\/\/eldiariodesanpedro.com.ar\/sitio\/wp-json\/wp\/v2\/users\/4"}],"replies":[{"embeddable":true,"href":"https:\/\/eldiariodesanpedro.com.ar\/sitio\/wp-json\/wp\/v2\/comments?post=96146"}],"version-history":[{"count":1,"href":"https:\/\/eldiariodesanpedro.com.ar\/sitio\/wp-json\/wp\/v2\/posts\/96146\/revisions"}],"predecessor-version":[{"id":96147,"href":"https:\/\/eldiariodesanpedro.com.ar\/sitio\/wp-json\/wp\/v2\/posts\/96146\/revisions\/96147"}],"wp:featuredmedia":[{"embeddable":true,"href":"https:\/\/eldiariodesanpedro.com.ar\/sitio\/wp-json\/wp\/v2\/media\/45394"}],"wp:attachment":[{"href":"https:\/\/eldiariodesanpedro.com.ar\/sitio\/wp-json\/wp\/v2\/media?parent=96146"}],"wp:term":[{"taxonomy":"category","embeddable":true,"href":"https:\/\/eldiariodesanpedro.com.ar\/sitio\/wp-json\/wp\/v2\/categories?post=96146"},{"taxonomy":"post_tag","embeddable":true,"href":"https:\/\/eldiariodesanpedro.com.ar\/sitio\/wp-json\/wp\/v2\/tags?post=96146"}],"curies":[{"name":"wp","href":"https:\/\/api.w.org\/{rel}","templated":true}]}}