{"id":96143,"date":"2021-07-22T09:48:10","date_gmt":"2021-07-22T12:48:10","guid":{"rendered":"https:\/\/eldiariodesanpedro.com.ar\/sitio\/?p=96143"},"modified":"2021-07-22T09:48:15","modified_gmt":"2021-07-22T12:48:15","slug":"desactivaron-las-cuadrillas-covid-y-habilitan-una-linea-de-comunicacion-directa","status":"publish","type":"post","link":"https:\/\/eldiariodesanpedro.com.ar\/sitio\/desactivaron-las-cuadrillas-covid-y-habilitan-una-linea-de-comunicacion-directa\/","title":{"rendered":"Desactivaron las cuadrillas covid y habilitan una l\u00ednea de comunicaci\u00f3n directa"},"content":{"rendered":"<!-- VideographyWP Plugin Message: Automatic video embedding prevented by plugin options. -->\n\n<p>La Secretar\u00eda de Salud de la Municipalidad de San Pedro informa que se ingresa en una nueva etapa de control de la Pandemia, por lo que se han dispuesto modificaciones en la modalidad de atenci\u00f3n y seguimiento, a partir del Lunes 26 de Julio.<\/p>\n\n\n\n<p>Despu\u00e9s de casi 16 meses constantes de trabajo y de momentos de gran stress para los equipos de seguimiento, se modificar\u00e1 el sistema de control telef\u00f3nico diario y los pacientes podr\u00e1n realizar en caso de considerarlo necesario consultas telef\u00f3nicas o por whatsapp, mientras cumplan con la permanencia en sus domicilios, comunic\u00e1ndose a la nueva LINEA COVID 3329315000.<\/p>\n\n\n\n<p>De esta manera se desactivar\u00e1n las cuadrillas de seguimiento telef\u00f3nico diario reemplaz\u00e1ndolo por un centro de asesoramiento y atenci\u00f3n m\u00e9dica que funcionar\u00e1 como Consultorio Covid, de lunes a viernes de 9 a 18 y s\u00e1bados de 9 a 12 en Ituzaing\u00f3 979 (ex Consultorio Amarillo).<\/p>\n\n\n\n<p>Adem\u00e1s se mantendr\u00e1 la atenci\u00f3n telef\u00f3nica para emergencias al 107, fuera de \u00e9ste horario.<\/p>\n\n\n\n<p>La expansi\u00f3n de la vacuna que comienza a provocar una disminuci\u00f3n notable de casos positivos y de s\u00edntomas graves ha derivado en esta reestructuraci\u00f3n general para optimizar los recursos, manifestando un profundo agradecimiento a profesionales y voluntarios que durante todos estos meses han realizado un trabajo que merece el reconocimiento de toda la comunidad.<\/p>\n","protected":false},"excerpt":{"rendered":"<p>La Secretar\u00eda de Salud de la Municipalidad de San Pedro informa que se ingresa en una nueva etapa de control de la Pandemia, por lo que se han dispuesto modificaciones en la modalidad de atenci\u00f3n y seguimiento, a partir del Lunes 26 de Julio. Despu\u00e9s de casi 16 meses constantes de trabajo y de momentos [&hellip;]<\/p>\n","protected":false},"author":4,"featured_media":75248,"comment_status":"closed","ping_status":"closed","sticky":false,"template":"","format":"standard","meta":{"om_disable_all_campaigns":false,"_jetpack_memberships_contains_paid_content":false,"footnotes":""},"categories":[50,101,2],"tags":[],"class_list":["post-96143","post","type-post","status-publish","format-standard","has-post-thumbnail","hentry","category-destacadas","category-interes-general-locales","category-locales"],"aioseo_notices":[],"gutentor_comment":0,"jetpack_featured_media_url":"https:\/\/eldiariodesanpedro.com.ar\/sitio\/wp-content\/uploads\/2020\/06\/coronavirus-zarate.jpg","jetpack_shortlink":"https:\/\/wp.me\/p6RhLt-p0H","jetpack_sharing_enabled":true,"_links":{"self":[{"href":"https:\/\/eldiariodesanpedro.com.ar\/sitio\/wp-json\/wp\/v2\/posts\/96143","targetHints":{"allow":["GET"]}}],"collection":[{"href":"https:\/\/eldiariodesanpedro.com.ar\/sitio\/wp-json\/wp\/v2\/posts"}],"about":[{"href":"https:\/\/eldiariodesanpedro.com.ar\/sitio\/wp-json\/wp\/v2\/types\/post"}],"author":[{"embeddable":true,"href":"https:\/\/eldiariodesanpedro.com.ar\/sitio\/wp-json\/wp\/v2\/users\/4"}],"replies":[{"embeddable":true,"href":"https:\/\/eldiariodesanpedro.com.ar\/sitio\/wp-json\/wp\/v2\/comments?post=96143"}],"version-history":[{"count":1,"href":"https:\/\/eldiariodesanpedro.com.ar\/sitio\/wp-json\/wp\/v2\/posts\/96143\/revisions"}],"predecessor-version":[{"id":96144,"href":"https:\/\/eldiariodesanpedro.com.ar\/sitio\/wp-json\/wp\/v2\/posts\/96143\/revisions\/96144"}],"wp:featuredmedia":[{"embeddable":true,"href":"https:\/\/eldiariodesanpedro.com.ar\/sitio\/wp-json\/wp\/v2\/media\/75248"}],"wp:attachment":[{"href":"https:\/\/eldiariodesanpedro.com.ar\/sitio\/wp-json\/wp\/v2\/media?parent=96143"}],"wp:term":[{"taxonomy":"category","embeddable":true,"href":"https:\/\/eldiariodesanpedro.com.ar\/sitio\/wp-json\/wp\/v2\/categories?post=96143"},{"taxonomy":"post_tag","embeddable":true,"href":"https:\/\/eldiariodesanpedro.com.ar\/sitio\/wp-json\/wp\/v2\/tags?post=96143"}],"curies":[{"name":"wp","href":"https:\/\/api.w.org\/{rel}","templated":true}]}}