{"id":96135,"date":"2021-07-21T19:02:12","date_gmt":"2021-07-21T22:02:12","guid":{"rendered":"https:\/\/eldiariodesanpedro.com.ar\/sitio\/?p=96135"},"modified":"2021-07-21T19:02:17","modified_gmt":"2021-07-21T22:02:17","slug":"zarate-un-efectivo-del-grupo-halcon-y-dos-delincuentes-heridos-tras-un-intento-de-robo-y-tiroteo","status":"publish","type":"post","link":"https:\/\/eldiariodesanpedro.com.ar\/sitio\/zarate-un-efectivo-del-grupo-halcon-y-dos-delincuentes-heridos-tras-un-intento-de-robo-y-tiroteo\/","title":{"rendered":"Z\u00c1RATE | Un efectivo del Grupo Halc\u00f3n y dos delincuentes heridos tras un intento de robo y tiroteo"},"content":{"rendered":"<!-- VideographyWP Plugin Message: Automatic video embedding prevented by plugin options. -->\n\n<p><strong>Un efectivo policial del Grupo Halc\u00f3n hiri\u00f3 a balazos a dos delincuentes tras un enfrentamiento luego de que intentaron robarle el veh\u00edculo particular en el que se trasladaba en la localidad de Z\u00e1rate, informaron hoy fuentes policiales y judiciales.<\/strong><\/p>\n\n\n\n<p>El hecho ocurri\u00f3 hoy, alrededor de las 17, en colectora de la ruta 6, a la altura del barrio Saavedra donde tres delincuentes armados interceptaron al polic\u00eda con intenciones de robo.<\/p>\n\n\n\n<p>Ante esas circunstancias, el polic\u00eda se resisti\u00f3 al robo de su veh\u00edculo y se produjo un enfrentamiento en el que recibi\u00f3 dos balazos, uno en el abdomen y otro en el brazo derecho.<\/p>\n\n\n\n<p>Momentos despu\u00e9s, la v\u00edctima fue trasladada en un auto particular al hospital de la zona para recibir atenci\u00f3n medica, informaron las fuentes.<\/p>\n\n\n\n<p>Seg\u00fan informaron como consecuencia del tiroteo, dos delincuentes resultaron heridos y quedaron a disposici\u00f3n de la justicia, mientras que uno de ellos logr\u00f3 darse a la fuga.<\/p>\n\n\n\n<p>En la causa interviene la Unidad Funcional de Instrucci\u00f3n (UFI) 8 del Departamento Judicial Z\u00e1rate \u2013 Campana, a cargo de Andrea Palacios, quien dispuso que se tome declaraci\u00f3n al hijo de la v\u00edctima y a otros testigos del hecho para resolver que temperamento adoptar.<\/p>\n\n\n\n<p>Fuente: <a href=\"https:\/\/impactolocal.com.ar\/2021\/07\/19\/balearon-a-un-efectivo-policial-de-grupo-halcon\/\">Impacto Local<\/a><\/p>\n","protected":false},"excerpt":{"rendered":"<p>Un efectivo policial del Grupo Halc\u00f3n hiri\u00f3 a balazos a dos delincuentes tras un enfrentamiento luego de que intentaron robarle el veh\u00edculo particular en el que se trasladaba en la localidad de Z\u00e1rate, informaron hoy fuentes policiales y judiciales. El hecho ocurri\u00f3 hoy, alrededor de las 17, en colectora de la ruta 6, a la [&hellip;]<\/p>\n","protected":false},"author":4,"featured_media":96136,"comment_status":"closed","ping_status":"closed","sticky":false,"template":"","format":"standard","meta":{"om_disable_all_campaigns":false,"_jetpack_memberships_contains_paid_content":false,"footnotes":""},"categories":[621],"tags":[],"class_list":["post-96135","post","type-post","status-publish","format-standard","has-post-thumbnail","hentry","category-regionales"],"aioseo_notices":[],"gutentor_comment":0,"jetpack_featured_media_url":"https:\/\/eldiariodesanpedro.com.ar\/sitio\/wp-content\/uploads\/2021\/07\/20210720100020.jpeg","jetpack_shortlink":"https:\/\/wp.me\/p6RhLt-p0z","jetpack_sharing_enabled":true,"_links":{"self":[{"href":"https:\/\/eldiariodesanpedro.com.ar\/sitio\/wp-json\/wp\/v2\/posts\/96135","targetHints":{"allow":["GET"]}}],"collection":[{"href":"https:\/\/eldiariodesanpedro.com.ar\/sitio\/wp-json\/wp\/v2\/posts"}],"about":[{"href":"https:\/\/eldiariodesanpedro.com.ar\/sitio\/wp-json\/wp\/v2\/types\/post"}],"author":[{"embeddable":true,"href":"https:\/\/eldiariodesanpedro.com.ar\/sitio\/wp-json\/wp\/v2\/users\/4"}],"replies":[{"embeddable":true,"href":"https:\/\/eldiariodesanpedro.com.ar\/sitio\/wp-json\/wp\/v2\/comments?post=96135"}],"version-history":[{"count":1,"href":"https:\/\/eldiariodesanpedro.com.ar\/sitio\/wp-json\/wp\/v2\/posts\/96135\/revisions"}],"predecessor-version":[{"id":96137,"href":"https:\/\/eldiariodesanpedro.com.ar\/sitio\/wp-json\/wp\/v2\/posts\/96135\/revisions\/96137"}],"wp:featuredmedia":[{"embeddable":true,"href":"https:\/\/eldiariodesanpedro.com.ar\/sitio\/wp-json\/wp\/v2\/media\/96136"}],"wp:attachment":[{"href":"https:\/\/eldiariodesanpedro.com.ar\/sitio\/wp-json\/wp\/v2\/media?parent=96135"}],"wp:term":[{"taxonomy":"category","embeddable":true,"href":"https:\/\/eldiariodesanpedro.com.ar\/sitio\/wp-json\/wp\/v2\/categories?post=96135"},{"taxonomy":"post_tag","embeddable":true,"href":"https:\/\/eldiariodesanpedro.com.ar\/sitio\/wp-json\/wp\/v2\/tags?post=96135"}],"curies":[{"name":"wp","href":"https:\/\/api.w.org\/{rel}","templated":true}]}}