{"id":96132,"date":"2021-07-21T18:50:57","date_gmt":"2021-07-21T21:50:57","guid":{"rendered":"https:\/\/eldiariodesanpedro.com.ar\/sitio\/?p=96132"},"modified":"2021-07-22T10:34:59","modified_gmt":"2021-07-22T13:34:59","slug":"zarate-el-padrastro-de-tobias-ninos-de-2-anos-asesinado-dijo-que-fue-la-madre-que-lo-mato","status":"publish","type":"post","link":"https:\/\/eldiariodesanpedro.com.ar\/sitio\/zarate-el-padrastro-de-tobias-ninos-de-2-anos-asesinado-dijo-que-fue-la-madre-que-lo-mato\/","title":{"rendered":"Z\u00c1RATE | El padrastro de Tobias, ni\u00f1os de 2 a\u00f1os asesinado, dijo que fue la madre que lo mat\u00f3"},"content":{"rendered":"<!-- VideographyWP Plugin Message: Automatic video embedding prevented by plugin options. -->\n\n<p>La madre de un ni\u00f1o de dos a\u00f1os asesinado a golpes en una vivienda del partido bonaerense de Z\u00e1rate&nbsp;se neg\u00f3 a declarar, mientras que su pareja, tambi\u00e9n acusada del crimen, asegur\u00f3 que la autora del hecho fue la mujer.<strong>&nbsp;Ambos seguir\u00e1n detenidos.<\/strong><\/p>\n\n\n\n<p><strong>El fiscal de la causa, Alberto Gutierres<\/strong>, los imput\u00f3 como coautores del \u201c<strong>homicidio triplemente agravado por el v\u00ednculo, por alevos\u00eda y ensa\u00f1amiento<\/strong>\u201d\u00a0<strong>en perjuicio de Tob\u00edas Su\u00e1rez,\u00a0<\/strong>que prev\u00e9 una pena de prisi\u00f3n perpetua en un futuro juicio oral.<\/p>\n\n\n\n<p>La madre del chico, identificada como&nbsp;<strong>Erika Julieta Su\u00e1rez<\/strong>&nbsp;de 30 a\u00f1os,&nbsp;<strong>se neg\u00f3 a declarar<\/strong>&nbsp;ante el titular de la Unidad Funcional de Instrucci\u00f3n 7 del Departamento Judicial Z\u00e1rate \u2013 Campana mientras que su concubino llamado&nbsp;<strong>Jorge Julio Rodr\u00edguez de 34, declar\u00f3 que \u00e9l no tuvo \u201cnada que ver\u201d con los golpes y que la autora del crimen hab\u00eda sido su pareja.<\/strong><\/p>\n\n\n\n<p>La autopsia determin\u00f3 que Tob\u00edas ten\u00eda golpes y quemaduras de cigarrillo en distintas partes del cuerpo que hab\u00edan ocurrido por lo menos hac\u00eda una semana.&nbsp;<strong>Rodr\u00edguez sostuvo que por lo menos hab\u00eda visto a la mujer pegarle a su hijo en cuatro oportunidades,&nbsp;<\/strong>aunque consultado sobre por qu\u00e9 no lo evit\u00f3, o si no hab\u00eda visto esas lesiones, no pudo responder.<\/p>\n\n\n\n<p>\u201cCada uno queda en la responsabilidad de lo que ten\u00eda que haber hecho y no hizo, uno por omisi\u00f3n y otro por acci\u00f3n\u201d, precis\u00f3 una fuente de la investigaci\u00f3n a\u00a0<em>T\u00e9lam\u00a0<\/em>y ante ello<em>e<\/em>l fiscal pidi\u00f3 para ambos el paso de la aprehensi\u00f3n en detenci\u00f3n por los mencionados delitos que ya fue convalidada por el juzgado de garant\u00edas.<\/p>\n\n\n\n<p><strong>El crimen de Tob\u00edas se registr\u00f3 entre el viernes y el s\u00e1bado \u00faltimo en una casa situada en Buchardo y Saavedra del barrio Bosch de Z\u00e1rate,<\/strong>&nbsp;ubicado a unos 90 kil\u00f3metros al norte de la Ciudad de Buenos Aires y la investigaci\u00f3n comenz\u00f3 cuando Su\u00e1rez llev\u00f3 al&nbsp;<strong>hospital San Jos\u00e9 de Campana&nbsp;<\/strong>a su hijo Tob\u00edas porque supuestamente \u201cestaba fr\u00edo\u201d.<\/p>\n\n\n\n<p><strong>El chico falleci\u00f3 a poco de haber ingresado al centro asistencial<\/strong>, por lo que los m\u00e9dicos dieron intervenci\u00f3n a la Polic\u00eda.El fiscal de la causa, Alberto Gutierres, imput\u00f3 a los mayores como coautores del \u201chomicidio triplemente agravado por el v\u00ednculo, por alevos\u00eda y ensa\u00f1amiento\u201d<\/p>\n\n\n\n<p>En primera instancia intervino el fiscal de Campana,&nbsp;<strong>Mat\u00edas Ferreiros<\/strong>, quien dispuso que se realice la autopsia correspondiente que determin\u00f3 que Tob\u00edas sufri\u00f3 un golpe en el cr\u00e1neo y que ten\u00eda traumatismos varios y desde la investigaci\u00f3n dijeron a la agencia de noticias que el ni\u00f1o ten\u00eda en el torso y en la espalda quemaduras con cigarrillos y lesiones generadas tiempo atr\u00e1s.<\/p>\n\n\n\n<p>Ante esta situaci\u00f3n, Ferreiros orden\u00f3 la detenci\u00f3n de su madre y de su concubino, el cual ten\u00eda una pulsera electr\u00f3nica en una causa que tramita en un Juzgado de Familia de C\u00f3rdoba. El fiscal, a cargo de la UFI 2 de Campana, remiti\u00f3 el expediente el s\u00e1bado por la noche a la fiscal\u00eda de Gutierres ya que el hecho ocurri\u00f3 en esa ciudad.<\/p>\n\n\n\n<p>Posteriormente se decidi\u00f3 que personal de la UFI 7 indagara a los sospechosos y procurara precisar si ambos tuvieron participaci\u00f3n en el crimen. Esa determinaci\u00f3n fue la que se llev\u00f3 a cabo en las \u00faltimas horas. Mientras que la mujer no present\u00f3 declaraci\u00f3n, su pareja la inculp\u00f3 directamente del asesinato.<\/p>\n\n\n\n<p>Fuente: <a href=\"https:\/\/infozc.com\/2021\/07\/21\/el-padrastro-de-tobias-dijo-que-fue-la-madre-que-lo-mato\/\">InfoZC<\/a><\/p>\n","protected":false},"excerpt":{"rendered":"<p>La madre de un ni\u00f1o de dos a\u00f1os asesinado a golpes en una vivienda del partido bonaerense de Z\u00e1rate&nbsp;se neg\u00f3 a declarar, mientras que su pareja, tambi\u00e9n acusada del crimen, asegur\u00f3 que la autora del hecho fue la mujer.&nbsp;Ambos seguir\u00e1n detenidos. El fiscal de la causa, Alberto Gutierres, los imput\u00f3 como coautores del \u201chomicidio triplemente [&hellip;]<\/p>\n","protected":false},"author":4,"featured_media":96133,"comment_status":"closed","ping_status":"closed","sticky":false,"template":"","format":"standard","meta":{"om_disable_all_campaigns":false,"_jetpack_memberships_contains_paid_content":false,"footnotes":""},"categories":[621],"tags":[],"class_list":["post-96132","post","type-post","status-publish","format-standard","has-post-thumbnail","hentry","category-regionales"],"aioseo_notices":[],"gutentor_comment":0,"jetpack_featured_media_url":"https:\/\/eldiariodesanpedro.com.ar\/sitio\/wp-content\/uploads\/2021\/07\/patrullero.jpg","jetpack_shortlink":"https:\/\/wp.me\/p6RhLt-p0w","jetpack_sharing_enabled":true,"_links":{"self":[{"href":"https:\/\/eldiariodesanpedro.com.ar\/sitio\/wp-json\/wp\/v2\/posts\/96132","targetHints":{"allow":["GET"]}}],"collection":[{"href":"https:\/\/eldiariodesanpedro.com.ar\/sitio\/wp-json\/wp\/v2\/posts"}],"about":[{"href":"https:\/\/eldiariodesanpedro.com.ar\/sitio\/wp-json\/wp\/v2\/types\/post"}],"author":[{"embeddable":true,"href":"https:\/\/eldiariodesanpedro.com.ar\/sitio\/wp-json\/wp\/v2\/users\/4"}],"replies":[{"embeddable":true,"href":"https:\/\/eldiariodesanpedro.com.ar\/sitio\/wp-json\/wp\/v2\/comments?post=96132"}],"version-history":[{"count":4,"href":"https:\/\/eldiariodesanpedro.com.ar\/sitio\/wp-json\/wp\/v2\/posts\/96132\/revisions"}],"predecessor-version":[{"id":96151,"href":"https:\/\/eldiariodesanpedro.com.ar\/sitio\/wp-json\/wp\/v2\/posts\/96132\/revisions\/96151"}],"wp:featuredmedia":[{"embeddable":true,"href":"https:\/\/eldiariodesanpedro.com.ar\/sitio\/wp-json\/wp\/v2\/media\/96133"}],"wp:attachment":[{"href":"https:\/\/eldiariodesanpedro.com.ar\/sitio\/wp-json\/wp\/v2\/media?parent=96132"}],"wp:term":[{"taxonomy":"category","embeddable":true,"href":"https:\/\/eldiariodesanpedro.com.ar\/sitio\/wp-json\/wp\/v2\/categories?post=96132"},{"taxonomy":"post_tag","embeddable":true,"href":"https:\/\/eldiariodesanpedro.com.ar\/sitio\/wp-json\/wp\/v2\/tags?post=96132"}],"curies":[{"name":"wp","href":"https:\/\/api.w.org\/{rel}","templated":true}]}}