{"id":96129,"date":"2021-07-21T18:36:47","date_gmt":"2021-07-21T21:36:47","guid":{"rendered":"https:\/\/eldiariodesanpedro.com.ar\/sitio\/?p=96129"},"modified":"2021-07-21T18:36:52","modified_gmt":"2021-07-21T21:36:52","slug":"como-tramitar-el-certificado-de-vacunacion-digital","status":"publish","type":"post","link":"https:\/\/eldiariodesanpedro.com.ar\/sitio\/como-tramitar-el-certificado-de-vacunacion-digital\/","title":{"rendered":"C\u00f3mo tramitar el certificado de vacunaci\u00f3n digital"},"content":{"rendered":"<!-- VideographyWP Plugin Message: Automatic video embedding prevented by plugin options. -->\n\n<p>La Jefatura de Gabinete de Ministros de la Naci\u00f3n desarroll\u00f3 el Certificado de Vacunaci\u00f3n Digital a trav\u00e9s de la aplicaci\u00f3n Mi Argentina (se descarga en las tiendas on line tanto en sistemas Android e iOS), para que toda persona que haya recibido la vacuna contra el coronavirus cuente con su credencial digital.<\/p>\n\n\n\n<p>Para tramitar el certificado solamente se necesita contar con un usuario en<\/p>\n\n\n\n<p><a href=\"https:\/\/www.argentina.gob.ar\/aplicaciones\/mi-argentina\">Mi Argentina&nbsp;<\/a>ya que, a partir de los datos cargados en el Registro Federal de Vacunaci\u00f3n Nominalizado, del Ministerio de Salud de la Naci\u00f3n, se podr\u00e1 visualizar en la aplicaci\u00f3n la informaci\u00f3n sobre el nombre de la vacuna recibida, el lote, el establecimiento en donde se la aplicaron, las dosis y las fechas correspondientes a cada una.<\/p>\n","protected":false},"excerpt":{"rendered":"<p>La Jefatura de Gabinete de Ministros de la Naci\u00f3n desarroll\u00f3 el Certificado de Vacunaci\u00f3n Digital a trav\u00e9s de la aplicaci\u00f3n Mi Argentina (se descarga en las tiendas on line tanto en sistemas Android e iOS), para que toda persona que haya recibido la vacuna contra el coronavirus cuente con su credencial digital. Para tramitar el [&hellip;]<\/p>\n","protected":false},"author":4,"featured_media":96130,"comment_status":"closed","ping_status":"closed","sticky":false,"template":"","format":"standard","meta":{"om_disable_all_campaigns":false,"_jetpack_memberships_contains_paid_content":false,"footnotes":""},"categories":[621],"tags":[],"class_list":["post-96129","post","type-post","status-publish","format-standard","has-post-thumbnail","hentry","category-regionales"],"aioseo_notices":[],"gutentor_comment":0,"jetpack_featured_media_url":"https:\/\/eldiariodesanpedro.com.ar\/sitio\/wp-content\/uploads\/2021\/07\/no_2603xqmai6cmvf2z1.png","jetpack_shortlink":"https:\/\/wp.me\/p6RhLt-p0t","jetpack_sharing_enabled":true,"_links":{"self":[{"href":"https:\/\/eldiariodesanpedro.com.ar\/sitio\/wp-json\/wp\/v2\/posts\/96129","targetHints":{"allow":["GET"]}}],"collection":[{"href":"https:\/\/eldiariodesanpedro.com.ar\/sitio\/wp-json\/wp\/v2\/posts"}],"about":[{"href":"https:\/\/eldiariodesanpedro.com.ar\/sitio\/wp-json\/wp\/v2\/types\/post"}],"author":[{"embeddable":true,"href":"https:\/\/eldiariodesanpedro.com.ar\/sitio\/wp-json\/wp\/v2\/users\/4"}],"replies":[{"embeddable":true,"href":"https:\/\/eldiariodesanpedro.com.ar\/sitio\/wp-json\/wp\/v2\/comments?post=96129"}],"version-history":[{"count":1,"href":"https:\/\/eldiariodesanpedro.com.ar\/sitio\/wp-json\/wp\/v2\/posts\/96129\/revisions"}],"predecessor-version":[{"id":96131,"href":"https:\/\/eldiariodesanpedro.com.ar\/sitio\/wp-json\/wp\/v2\/posts\/96129\/revisions\/96131"}],"wp:featuredmedia":[{"embeddable":true,"href":"https:\/\/eldiariodesanpedro.com.ar\/sitio\/wp-json\/wp\/v2\/media\/96130"}],"wp:attachment":[{"href":"https:\/\/eldiariodesanpedro.com.ar\/sitio\/wp-json\/wp\/v2\/media?parent=96129"}],"wp:term":[{"taxonomy":"category","embeddable":true,"href":"https:\/\/eldiariodesanpedro.com.ar\/sitio\/wp-json\/wp\/v2\/categories?post=96129"},{"taxonomy":"post_tag","embeddable":true,"href":"https:\/\/eldiariodesanpedro.com.ar\/sitio\/wp-json\/wp\/v2\/tags?post=96129"}],"curies":[{"name":"wp","href":"https:\/\/api.w.org\/{rel}","templated":true}]}}