{"id":96121,"date":"2021-07-21T18:20:41","date_gmt":"2021-07-21T21:20:41","guid":{"rendered":"https:\/\/eldiariodesanpedro.com.ar\/sitio\/?p=96121"},"modified":"2021-07-21T18:20:45","modified_gmt":"2021-07-21T21:20:45","slug":"ramalllo-auto-volco-sobre-avenida-san-martin","status":"publish","type":"post","link":"https:\/\/eldiariodesanpedro.com.ar\/sitio\/ramalllo-auto-volco-sobre-avenida-san-martin\/","title":{"rendered":"RAMALLLO | Auto volc\u00f3 sobre Avenida San Mart\u00edn"},"content":{"rendered":"<!-- VideographyWP Plugin Message: Automatic video embedding prevented by plugin options. -->\n\n<p>Un autom\u00f3vil volc\u00f3 en la madrugada de este mi\u00e9rcoles a la altura del Corral\u00f3n Municipal, en el ingreso a la ciudad de Ramallo. Afortunadamente el conductor viajaba solo y apenas tuvo heridas leves.<\/p>\n\n\n\n<p>El hecho ocurri\u00f3 cerca de las 4:30 horas, cuando un Volkswagen Gol perdi\u00f3 el control y choco con un colectivo particular.<\/p>\n\n\n\n<p>El siniestro se dio en Avenida San Mart\u00edn y Artigas, a la altura del corral\u00f3n. El auto qued\u00f3 semi destruido y con dos ruedas en el aire como consecuencia del impacto.<\/p>\n\n\n\n<p>Fuente: <a href=\"http:\/\/www.ramallociudad.com.ar\/nota.asp?id=162695&amp;t=Auto-volco-sobre-Avenida-San-Martin\">Ramallo Ciudad<\/a><\/p>\n","protected":false},"excerpt":{"rendered":"<p>Un autom\u00f3vil volc\u00f3 en la madrugada de este mi\u00e9rcoles a la altura del Corral\u00f3n Municipal, en el ingreso a la ciudad de Ramallo. Afortunadamente el conductor viajaba solo y apenas tuvo heridas leves. El hecho ocurri\u00f3 cerca de las 4:30 horas, cuando un Volkswagen Gol perdi\u00f3 el control y choco con un colectivo particular. El [&hellip;]<\/p>\n","protected":false},"author":4,"featured_media":96122,"comment_status":"closed","ping_status":"closed","sticky":false,"template":"","format":"standard","meta":{"om_disable_all_campaigns":false,"_jetpack_memberships_contains_paid_content":false,"footnotes":""},"categories":[621],"tags":[],"class_list":["post-96121","post","type-post","status-publish","format-standard","has-post-thumbnail","hentry","category-regionales"],"aioseo_notices":[],"gutentor_comment":0,"jetpack_featured_media_url":"https:\/\/eldiariodesanpedro.com.ar\/sitio\/wp-content\/uploads\/2021\/07\/bbx_1047725653_1_accidente.jpg","jetpack_shortlink":"https:\/\/wp.me\/p6RhLt-p0l","jetpack_sharing_enabled":true,"_links":{"self":[{"href":"https:\/\/eldiariodesanpedro.com.ar\/sitio\/wp-json\/wp\/v2\/posts\/96121","targetHints":{"allow":["GET"]}}],"collection":[{"href":"https:\/\/eldiariodesanpedro.com.ar\/sitio\/wp-json\/wp\/v2\/posts"}],"about":[{"href":"https:\/\/eldiariodesanpedro.com.ar\/sitio\/wp-json\/wp\/v2\/types\/post"}],"author":[{"embeddable":true,"href":"https:\/\/eldiariodesanpedro.com.ar\/sitio\/wp-json\/wp\/v2\/users\/4"}],"replies":[{"embeddable":true,"href":"https:\/\/eldiariodesanpedro.com.ar\/sitio\/wp-json\/wp\/v2\/comments?post=96121"}],"version-history":[{"count":1,"href":"https:\/\/eldiariodesanpedro.com.ar\/sitio\/wp-json\/wp\/v2\/posts\/96121\/revisions"}],"predecessor-version":[{"id":96123,"href":"https:\/\/eldiariodesanpedro.com.ar\/sitio\/wp-json\/wp\/v2\/posts\/96121\/revisions\/96123"}],"wp:featuredmedia":[{"embeddable":true,"href":"https:\/\/eldiariodesanpedro.com.ar\/sitio\/wp-json\/wp\/v2\/media\/96122"}],"wp:attachment":[{"href":"https:\/\/eldiariodesanpedro.com.ar\/sitio\/wp-json\/wp\/v2\/media?parent=96121"}],"wp:term":[{"taxonomy":"category","embeddable":true,"href":"https:\/\/eldiariodesanpedro.com.ar\/sitio\/wp-json\/wp\/v2\/categories?post=96121"},{"taxonomy":"post_tag","embeddable":true,"href":"https:\/\/eldiariodesanpedro.com.ar\/sitio\/wp-json\/wp\/v2\/tags?post=96121"}],"curies":[{"name":"wp","href":"https:\/\/api.w.org\/{rel}","templated":true}]}}