{"id":95871,"date":"2021-07-16T10:51:03","date_gmt":"2021-07-16T13:51:03","guid":{"rendered":"https:\/\/eldiariodesanpedro.com.ar\/sitio\/?p=95871"},"modified":"2021-07-16T10:51:08","modified_gmt":"2021-07-16T13:51:08","slug":"allanamiento-y-secuestro-de-un-escopeta","status":"publish","type":"post","link":"https:\/\/eldiariodesanpedro.com.ar\/sitio\/allanamiento-y-secuestro-de-un-escopeta\/","title":{"rendered":"Allanamiento y secuestro de un escopeta"},"content":{"rendered":"<!-- VideographyWP Plugin Message: Automatic video embedding prevented by plugin options. -->\n\n<p>En el marco de la causa judicial en tr\u00e1mite personal los efectivos de la polic\u00eda del Gabinete Criminol\u00f3gico realizo el allanamiento ayer en horas de la tarde en una vivienda ubicada en Ruta 9 km 170, donde se secuestro una escopeta calibre 20 y tres cartuchos intactos mismo calibre. <\/p>\n\n\n\n<p>Quedo imputado el morador, un masculino de 38 a\u00f1os, investiga la UFI 11 local.<\/p>\n","protected":false},"excerpt":{"rendered":"<p>En el marco de la causa judicial en tr\u00e1mite personal los efectivos de la polic\u00eda del Gabinete Criminol\u00f3gico realizo el allanamiento ayer en horas de la tarde en una vivienda ubicada en Ruta 9 km 170, donde se secuestro una escopeta calibre 20 y tres cartuchos intactos mismo calibre. Quedo imputado el morador, un masculino [&hellip;]<\/p>\n","protected":false},"author":4,"featured_media":95872,"comment_status":"closed","ping_status":"closed","sticky":false,"template":"","format":"standard","meta":{"om_disable_all_campaigns":false,"_jetpack_memberships_contains_paid_content":false,"footnotes":""},"categories":[50,2,103],"tags":[],"class_list":["post-95871","post","type-post","status-publish","format-standard","has-post-thumbnail","hentry","category-destacadas","category-locales","category-policiales-locales"],"aioseo_notices":[],"gutentor_comment":0,"jetpack_featured_media_url":"https:\/\/eldiariodesanpedro.com.ar\/sitio\/wp-content\/uploads\/2021\/07\/WhatsApp-Image-2021-07-16-at-10.31.33.jpeg","jetpack_shortlink":"https:\/\/wp.me\/p6RhLt-oWj","jetpack_sharing_enabled":true,"_links":{"self":[{"href":"https:\/\/eldiariodesanpedro.com.ar\/sitio\/wp-json\/wp\/v2\/posts\/95871","targetHints":{"allow":["GET"]}}],"collection":[{"href":"https:\/\/eldiariodesanpedro.com.ar\/sitio\/wp-json\/wp\/v2\/posts"}],"about":[{"href":"https:\/\/eldiariodesanpedro.com.ar\/sitio\/wp-json\/wp\/v2\/types\/post"}],"author":[{"embeddable":true,"href":"https:\/\/eldiariodesanpedro.com.ar\/sitio\/wp-json\/wp\/v2\/users\/4"}],"replies":[{"embeddable":true,"href":"https:\/\/eldiariodesanpedro.com.ar\/sitio\/wp-json\/wp\/v2\/comments?post=95871"}],"version-history":[{"count":1,"href":"https:\/\/eldiariodesanpedro.com.ar\/sitio\/wp-json\/wp\/v2\/posts\/95871\/revisions"}],"predecessor-version":[{"id":95873,"href":"https:\/\/eldiariodesanpedro.com.ar\/sitio\/wp-json\/wp\/v2\/posts\/95871\/revisions\/95873"}],"wp:featuredmedia":[{"embeddable":true,"href":"https:\/\/eldiariodesanpedro.com.ar\/sitio\/wp-json\/wp\/v2\/media\/95872"}],"wp:attachment":[{"href":"https:\/\/eldiariodesanpedro.com.ar\/sitio\/wp-json\/wp\/v2\/media?parent=95871"}],"wp:term":[{"taxonomy":"category","embeddable":true,"href":"https:\/\/eldiariodesanpedro.com.ar\/sitio\/wp-json\/wp\/v2\/categories?post=95871"},{"taxonomy":"post_tag","embeddable":true,"href":"https:\/\/eldiariodesanpedro.com.ar\/sitio\/wp-json\/wp\/v2\/tags?post=95871"}],"curies":[{"name":"wp","href":"https:\/\/api.w.org\/{rel}","templated":true}]}}