{"id":95864,"date":"2021-07-16T10:25:41","date_gmt":"2021-07-16T13:25:41","guid":{"rendered":"https:\/\/eldiariodesanpedro.com.ar\/sitio\/?p=95864"},"modified":"2021-07-16T10:25:46","modified_gmt":"2021-07-16T13:25:46","slug":"jornada-de-atencion-del-servicio-local-de-promocion-y-proteccion-de-derechos-de-ninos-ninas-y-adolescentes","status":"publish","type":"post","link":"https:\/\/eldiariodesanpedro.com.ar\/sitio\/jornada-de-atencion-del-servicio-local-de-promocion-y-proteccion-de-derechos-de-ninos-ninas-y-adolescentes\/","title":{"rendered":"Jornada de atenci\u00f3n del Servicio Local de Promoci\u00f3n y Protecci\u00f3n de Derechos de Ni\u00f1os, Ni\u00f1as y Adolescentes"},"content":{"rendered":"<!-- VideographyWP Plugin Message: Automatic video embedding prevented by plugin options. -->\n\n<p>Profesionales del Servicio Local de Promoci\u00f3n y Protecci\u00f3n de Derechos de Ni\u00f1os, Ni\u00f1as y Adolescentes realizar\u00e1 una nueva jornada de atenci\u00f3n durante el pr\u00f3ximo lunes 19 de julio de 8.30 a 10.30 hs. en el Centro de Salud de La Tosquera y de 11.00 a 12.30 hs. en el Centro de Salud de Bajo Tala.<\/p>\n\n\n\n<p>Durante las jornadas, que ser\u00e1n abiertas a la comunidad, se brindar\u00e1 atenci\u00f3n y asesoramiento a todas aquellas personas que trabajan con ni\u00f1eces y adolescencia, sobre la promoci\u00f3n y protecci\u00f3n de derechos de ni\u00f1as, ni\u00f1os y adolescentes.<\/p>\n\n\n\n<p>Continuando con la mec\u00e1nica de jornadas anteriores, se trata de brindar el conocimiento de los mecanismos que el Estado proporciona para generar la mayor cantidad de herramientas, facilitando la prevenci\u00f3n e identificaci\u00f3n de situaciones de violencia y vulneraci\u00f3n de derechos para que puedan ayudar a los j\u00f3venes a pensar formas de resolver situaciones sin violencia, discriminaci\u00f3n y respetando las diversidades.<\/p>\n\n\n\n<p>Se solicita a quienes concurran cumplir con las medidas de higiene, respetando el uso de barbijo y el distanciamiento social.<\/p>\n","protected":false},"excerpt":{"rendered":"<p>Profesionales del Servicio Local de Promoci\u00f3n y Protecci\u00f3n de Derechos de Ni\u00f1os, Ni\u00f1as y Adolescentes realizar\u00e1 una nueva jornada de atenci\u00f3n durante el pr\u00f3ximo lunes 19 de julio de 8.30 a 10.30 hs. en el Centro de Salud de La Tosquera y de 11.00 a 12.30 hs. en el Centro de Salud de Bajo Tala. [&hellip;]<\/p>\n","protected":false},"author":4,"featured_media":95866,"comment_status":"closed","ping_status":"closed","sticky":false,"template":"","format":"standard","meta":{"om_disable_all_campaigns":false,"_jetpack_memberships_contains_paid_content":false,"footnotes":""},"categories":[101,2],"tags":[],"class_list":["post-95864","post","type-post","status-publish","format-standard","has-post-thumbnail","hentry","category-interes-general-locales","category-locales"],"aioseo_notices":[],"gutentor_comment":0,"jetpack_featured_media_url":"https:\/\/eldiariodesanpedro.com.ar\/sitio\/wp-content\/uploads\/2021\/07\/WhatsApp-Image-2021-07-16-at-09.05.41.jpeg","jetpack_shortlink":"https:\/\/wp.me\/p6RhLt-oWc","jetpack_sharing_enabled":true,"_links":{"self":[{"href":"https:\/\/eldiariodesanpedro.com.ar\/sitio\/wp-json\/wp\/v2\/posts\/95864","targetHints":{"allow":["GET"]}}],"collection":[{"href":"https:\/\/eldiariodesanpedro.com.ar\/sitio\/wp-json\/wp\/v2\/posts"}],"about":[{"href":"https:\/\/eldiariodesanpedro.com.ar\/sitio\/wp-json\/wp\/v2\/types\/post"}],"author":[{"embeddable":true,"href":"https:\/\/eldiariodesanpedro.com.ar\/sitio\/wp-json\/wp\/v2\/users\/4"}],"replies":[{"embeddable":true,"href":"https:\/\/eldiariodesanpedro.com.ar\/sitio\/wp-json\/wp\/v2\/comments?post=95864"}],"version-history":[{"count":1,"href":"https:\/\/eldiariodesanpedro.com.ar\/sitio\/wp-json\/wp\/v2\/posts\/95864\/revisions"}],"predecessor-version":[{"id":95867,"href":"https:\/\/eldiariodesanpedro.com.ar\/sitio\/wp-json\/wp\/v2\/posts\/95864\/revisions\/95867"}],"wp:featuredmedia":[{"embeddable":true,"href":"https:\/\/eldiariodesanpedro.com.ar\/sitio\/wp-json\/wp\/v2\/media\/95866"}],"wp:attachment":[{"href":"https:\/\/eldiariodesanpedro.com.ar\/sitio\/wp-json\/wp\/v2\/media?parent=95864"}],"wp:term":[{"taxonomy":"category","embeddable":true,"href":"https:\/\/eldiariodesanpedro.com.ar\/sitio\/wp-json\/wp\/v2\/categories?post=95864"},{"taxonomy":"post_tag","embeddable":true,"href":"https:\/\/eldiariodesanpedro.com.ar\/sitio\/wp-json\/wp\/v2\/tags?post=95864"}],"curies":[{"name":"wp","href":"https:\/\/api.w.org\/{rel}","templated":true}]}}