{"id":95857,"date":"2021-07-15T20:42:51","date_gmt":"2021-07-15T23:42:51","guid":{"rendered":"https:\/\/eldiariodesanpedro.com.ar\/sitio\/?p=95857"},"modified":"2021-07-15T20:42:55","modified_gmt":"2021-07-15T23:42:55","slug":"asamblea-ordinaria-asociacion-cooperadora-escuela-normal-san-pedro","status":"publish","type":"post","link":"https:\/\/eldiariodesanpedro.com.ar\/sitio\/asamblea-ordinaria-asociacion-cooperadora-escuela-normal-san-pedro\/","title":{"rendered":"Asamblea Ordinaria Asociaci\u00f3n Cooperadora Escuela Normal San Pedro"},"content":{"rendered":"<!-- VideographyWP Plugin Message: Automatic video embedding prevented by plugin options. -->\n\n<p>La Asociaci\u00f3n Cooperadora de la Escuela Normal de San Pedro convoca a sus socios a Asamblea Ordinaria Virtual a llevarse a cabo el d\u00eda viernes 6 de agosto de 2021, a las 20 hs.<\/p>\n\n\n\n<p>A efectos de tomar conocimiento del procedimiento, los socios deber\u00e1n comunicarse al tel\u00e9fono 428949.<\/p>\n\n\n\n<p>ORDEN DEL D\u00cdA\u00a0<br>1) Lectura de Memoria y Balance<br>2) Renovaci\u00f3n total de Comisi\u00f3n Directiva<br>3) Fijaci\u00f3n de Cuota Social\u00bb<\/p>\n","protected":false},"excerpt":{"rendered":"<p>La Asociaci\u00f3n Cooperadora de la Escuela Normal de San Pedro convoca a sus socios a Asamblea Ordinaria Virtual a llevarse a cabo el d\u00eda viernes 6 de agosto de 2021, a las 20 hs. A efectos de tomar conocimiento del procedimiento, los socios deber\u00e1n comunicarse al tel\u00e9fono 428949. ORDEN DEL D\u00cdA\u00a01) Lectura de Memoria y [&hellip;]<\/p>\n","protected":false},"author":4,"featured_media":95858,"comment_status":"closed","ping_status":"closed","sticky":false,"template":"","format":"standard","meta":{"om_disable_all_campaigns":false,"_jetpack_memberships_contains_paid_content":false,"footnotes":""},"categories":[678,676],"tags":[],"class_list":["post-95857","post","type-post","status-publish","format-standard","has-post-thumbnail","hentry","category-convocatorias","category-edictos"],"aioseo_notices":[],"gutentor_comment":0,"jetpack_featured_media_url":"https:\/\/eldiariodesanpedro.com.ar\/sitio\/wp-content\/uploads\/2021\/07\/Escuela-Normal-Convocatoria.jpg","jetpack_shortlink":"https:\/\/wp.me\/p6RhLt-oW5","jetpack_sharing_enabled":true,"_links":{"self":[{"href":"https:\/\/eldiariodesanpedro.com.ar\/sitio\/wp-json\/wp\/v2\/posts\/95857","targetHints":{"allow":["GET"]}}],"collection":[{"href":"https:\/\/eldiariodesanpedro.com.ar\/sitio\/wp-json\/wp\/v2\/posts"}],"about":[{"href":"https:\/\/eldiariodesanpedro.com.ar\/sitio\/wp-json\/wp\/v2\/types\/post"}],"author":[{"embeddable":true,"href":"https:\/\/eldiariodesanpedro.com.ar\/sitio\/wp-json\/wp\/v2\/users\/4"}],"replies":[{"embeddable":true,"href":"https:\/\/eldiariodesanpedro.com.ar\/sitio\/wp-json\/wp\/v2\/comments?post=95857"}],"version-history":[{"count":1,"href":"https:\/\/eldiariodesanpedro.com.ar\/sitio\/wp-json\/wp\/v2\/posts\/95857\/revisions"}],"predecessor-version":[{"id":95859,"href":"https:\/\/eldiariodesanpedro.com.ar\/sitio\/wp-json\/wp\/v2\/posts\/95857\/revisions\/95859"}],"wp:featuredmedia":[{"embeddable":true,"href":"https:\/\/eldiariodesanpedro.com.ar\/sitio\/wp-json\/wp\/v2\/media\/95858"}],"wp:attachment":[{"href":"https:\/\/eldiariodesanpedro.com.ar\/sitio\/wp-json\/wp\/v2\/media?parent=95857"}],"wp:term":[{"taxonomy":"category","embeddable":true,"href":"https:\/\/eldiariodesanpedro.com.ar\/sitio\/wp-json\/wp\/v2\/categories?post=95857"},{"taxonomy":"post_tag","embeddable":true,"href":"https:\/\/eldiariodesanpedro.com.ar\/sitio\/wp-json\/wp\/v2\/tags?post=95857"}],"curies":[{"name":"wp","href":"https:\/\/api.w.org\/{rel}","templated":true}]}}