{"id":95851,"date":"2021-07-15T20:20:27","date_gmt":"2021-07-15T23:20:27","guid":{"rendered":"https:\/\/eldiariodesanpedro.com.ar\/sitio\/?p=95851"},"modified":"2021-07-15T20:20:31","modified_gmt":"2021-07-15T23:20:31","slug":"se-secuestraron-16-motocicletas-en-operativo","status":"publish","type":"post","link":"https:\/\/eldiariodesanpedro.com.ar\/sitio\/se-secuestraron-16-motocicletas-en-operativo\/","title":{"rendered":"Se secuestraron 16 motocicletas en operativo"},"content":{"rendered":"<!-- VideographyWP Plugin Message: Automatic video embedding prevented by plugin options. -->\n\n<p>En la jornada de hoy el \u00e1rea de la Direcci\u00f3n de Transito liderada por Luis Caramum realizo controles de transito en la v\u00eda publica en la zona c\u00e9ntrica.<\/p>\n\n\n\n<p>Los operativos se realizaron en calle Pellegrini y Col\u00f3n donde se logro el secuestro de 16 motos que fueron incautadas por falta de papeles y 2 que fueron retenidas por falta de casco.   <\/p>\n\n\n\n<p><\/p>\n","protected":false},"excerpt":{"rendered":"<p>En la jornada de hoy el \u00e1rea de la Direcci\u00f3n de Transito liderada por Luis Caramum realizo controles de transito en la v\u00eda publica en la zona c\u00e9ntrica. Los operativos se realizaron en calle Pellegrini y Col\u00f3n donde se logro el secuestro de 16 motos que fueron incautadas por falta de papeles y 2 que [&hellip;]<\/p>\n","protected":false},"author":4,"featured_media":95852,"comment_status":"closed","ping_status":"closed","sticky":false,"template":"","format":"standard","meta":{"om_disable_all_campaigns":false,"_jetpack_memberships_contains_paid_content":false,"footnotes":""},"categories":[101,2],"tags":[],"class_list":["post-95851","post","type-post","status-publish","format-standard","has-post-thumbnail","hentry","category-interes-general-locales","category-locales"],"aioseo_notices":[],"gutentor_comment":0,"jetpack_featured_media_url":"https:\/\/eldiariodesanpedro.com.ar\/sitio\/wp-content\/uploads\/2021\/07\/WhatsApp-Image-2021-07-15-at-19.57.38.jpeg","jetpack_shortlink":"https:\/\/wp.me\/p6RhLt-oVZ","jetpack_sharing_enabled":true,"_links":{"self":[{"href":"https:\/\/eldiariodesanpedro.com.ar\/sitio\/wp-json\/wp\/v2\/posts\/95851","targetHints":{"allow":["GET"]}}],"collection":[{"href":"https:\/\/eldiariodesanpedro.com.ar\/sitio\/wp-json\/wp\/v2\/posts"}],"about":[{"href":"https:\/\/eldiariodesanpedro.com.ar\/sitio\/wp-json\/wp\/v2\/types\/post"}],"author":[{"embeddable":true,"href":"https:\/\/eldiariodesanpedro.com.ar\/sitio\/wp-json\/wp\/v2\/users\/4"}],"replies":[{"embeddable":true,"href":"https:\/\/eldiariodesanpedro.com.ar\/sitio\/wp-json\/wp\/v2\/comments?post=95851"}],"version-history":[{"count":1,"href":"https:\/\/eldiariodesanpedro.com.ar\/sitio\/wp-json\/wp\/v2\/posts\/95851\/revisions"}],"predecessor-version":[{"id":95856,"href":"https:\/\/eldiariodesanpedro.com.ar\/sitio\/wp-json\/wp\/v2\/posts\/95851\/revisions\/95856"}],"wp:featuredmedia":[{"embeddable":true,"href":"https:\/\/eldiariodesanpedro.com.ar\/sitio\/wp-json\/wp\/v2\/media\/95852"}],"wp:attachment":[{"href":"https:\/\/eldiariodesanpedro.com.ar\/sitio\/wp-json\/wp\/v2\/media?parent=95851"}],"wp:term":[{"taxonomy":"category","embeddable":true,"href":"https:\/\/eldiariodesanpedro.com.ar\/sitio\/wp-json\/wp\/v2\/categories?post=95851"},{"taxonomy":"post_tag","embeddable":true,"href":"https:\/\/eldiariodesanpedro.com.ar\/sitio\/wp-json\/wp\/v2\/tags?post=95851"}],"curies":[{"name":"wp","href":"https:\/\/api.w.org\/{rel}","templated":true}]}}