{"id":95847,"date":"2021-07-15T19:47:09","date_gmt":"2021-07-15T22:47:09","guid":{"rendered":"https:\/\/eldiariodesanpedro.com.ar\/sitio\/?p=95847"},"modified":"2021-07-15T19:47:14","modified_gmt":"2021-07-15T22:47:14","slug":"la-coalicion-ari-san-pedro-denuncia-a-los-concejales-pelletier-tiramonti-e-paz-usurpar-el-espacio-politico-juntos-por-el-cambio-2","status":"publish","type":"post","link":"https:\/\/eldiariodesanpedro.com.ar\/sitio\/la-coalicion-ari-san-pedro-denuncia-a-los-concejales-pelletier-tiramonti-e-paz-usurpar-el-espacio-politico-juntos-por-el-cambio-2\/","title":{"rendered":"La Coalici\u00f3n ARI San Pedro denuncia a los concejales Pelletier, Tiramonti e Paz usurpar el espacio pol\u00edtico Juntos por el cambio"},"content":{"rendered":"<!-- VideographyWP Plugin Message: Automatic video embedding prevented by plugin options. -->\n\n<p>La Coalici\u00f3n C\u00edvica ARI emiti\u00f3 un comunicado donde inform\u00f3 el descontento con tres ediles que dicen ser de la nueva alianza \u201cJuntos\u201d ex Juntos por el Cambio, y para ellos hoy en d\u00eda estas personas son partidarios del Intendente Cecilio Slazar que oficializ\u00f3 ser por lo que hoy no pueden estar dentro de Frente de Todos.<\/p>\n\n\n\n<p><strong><em>Por la presente me dirijo a Ud. y a la sociedad en su conjunto a los efectos de informar y comunicar que la Coalici\u00f3n C\u00edvica ARI a la cual represent\u00f3 reconoce aquellos partidos org\u00e1nicamente constituido que integran la coalici\u00f3n \u201cJuntos\u201d, es por ello que ante las noticias que han sido vertidas y son de p\u00fablico conocimiento de personas apartidar\u00edas que intentan usurpar espacios pol\u00edticos que atentan contra la voluntad popular de los votantes y a s\u00ed mismo de la democracia y observando c\u00f3mo se dan los hechos en el Honorable Concejo Deliberante de San Pedro donde un bloque se hace llamar Juntos por el Cambio y es funcional y afirman formalmente ser parte del Frente de todos de la mano del intendente Cecilio Salazar (Concejal Gerardo Pelletier y Concejal Ana Tiramonti e Iv\u00e1n paz).&nbsp;<\/em><br><em>Llamamos en primer lugar a las autoridades partidarias que integran la coalici\u00f3n juntos a dar un mensaje conjunto a la sociedad toda de uni\u00f3n para que estos actores los mismos de siempre no<\/em>&nbsp;<em>contin\u00faen perjudicando con malas pr\u00e1cticas enga\u00f1ando la voluntad popular.<\/em><br><em>En este mismo acto solo reconocemos a la mesa del pro san pedro formalmente constituida la cual preside la Dra. en leyes Mabel Prado.<\/em><br><em>Sin m\u00e1s que agregar aprovecha la oportunidad para saludarlo muy atte.<\/em><\/strong><\/p>\n\n\n\n<p><strong>Daniel Sebasti\u00e1n Basante \u2013\u00a0<em>Presidente CCA<\/em>\u00a0\u2013<em>Coalici\u00f3n C\u00edvica <\/em><\/strong><\/p>\n\n\n<a href=\"https:\/\/eldiariodesanpedro.com.ar\/sitio\/wp-content\/uploads\/2021\/07\/CamScanner-07-15-2021-18.10.pdf\" class=\"pdfemb-viewer\" style=\"\" data-width=\"max\" data-height=\"max\" data-toolbar=\"bottom\" data-toolbar-fixed=\"off\">CamScanner-07-15-2021-18.10<\/a>\n<p class=\"wp-block-pdfemb-pdf-embedder-viewer\"><\/p>\n","protected":false},"excerpt":{"rendered":"<p>La Coalici\u00f3n C\u00edvica ARI emiti\u00f3 un comunicado donde inform\u00f3 el descontento con tres ediles que dicen ser de la nueva alianza \u201cJuntos\u201d ex Juntos por el Cambio, y para ellos hoy en d\u00eda estas personas son partidarios del Intendente Cecilio Slazar que oficializ\u00f3 ser por lo que hoy no pueden estar dentro de Frente de [&hellip;]<\/p>\n","protected":false},"author":4,"featured_media":95848,"comment_status":"closed","ping_status":"closed","sticky":false,"template":"","format":"standard","meta":{"om_disable_all_campaigns":false,"_jetpack_memberships_contains_paid_content":false,"footnotes":""},"categories":[50,101,2],"tags":[],"class_list":["post-95847","post","type-post","status-publish","format-standard","has-post-thumbnail","hentry","category-destacadas","category-interes-general-locales","category-locales"],"aioseo_notices":[],"gutentor_comment":0,"jetpack_featured_media_url":"https:\/\/eldiariodesanpedro.com.ar\/sitio\/wp-content\/uploads\/2021\/07\/124501527_2029264940541212_5726472897597365355_n.jpg","jetpack_shortlink":"https:\/\/wp.me\/p6RhLt-oVV","jetpack_sharing_enabled":true,"_links":{"self":[{"href":"https:\/\/eldiariodesanpedro.com.ar\/sitio\/wp-json\/wp\/v2\/posts\/95847","targetHints":{"allow":["GET"]}}],"collection":[{"href":"https:\/\/eldiariodesanpedro.com.ar\/sitio\/wp-json\/wp\/v2\/posts"}],"about":[{"href":"https:\/\/eldiariodesanpedro.com.ar\/sitio\/wp-json\/wp\/v2\/types\/post"}],"author":[{"embeddable":true,"href":"https:\/\/eldiariodesanpedro.com.ar\/sitio\/wp-json\/wp\/v2\/users\/4"}],"replies":[{"embeddable":true,"href":"https:\/\/eldiariodesanpedro.com.ar\/sitio\/wp-json\/wp\/v2\/comments?post=95847"}],"version-history":[{"count":1,"href":"https:\/\/eldiariodesanpedro.com.ar\/sitio\/wp-json\/wp\/v2\/posts\/95847\/revisions"}],"predecessor-version":[{"id":95849,"href":"https:\/\/eldiariodesanpedro.com.ar\/sitio\/wp-json\/wp\/v2\/posts\/95847\/revisions\/95849"}],"wp:featuredmedia":[{"embeddable":true,"href":"https:\/\/eldiariodesanpedro.com.ar\/sitio\/wp-json\/wp\/v2\/media\/95848"}],"wp:attachment":[{"href":"https:\/\/eldiariodesanpedro.com.ar\/sitio\/wp-json\/wp\/v2\/media?parent=95847"}],"wp:term":[{"taxonomy":"category","embeddable":true,"href":"https:\/\/eldiariodesanpedro.com.ar\/sitio\/wp-json\/wp\/v2\/categories?post=95847"},{"taxonomy":"post_tag","embeddable":true,"href":"https:\/\/eldiariodesanpedro.com.ar\/sitio\/wp-json\/wp\/v2\/tags?post=95847"}],"curies":[{"name":"wp","href":"https:\/\/api.w.org\/{rel}","templated":true}]}}