{"id":95823,"date":"2021-07-15T12:08:49","date_gmt":"2021-07-15T15:08:49","guid":{"rendered":"https:\/\/eldiariodesanpedro.com.ar\/sitio\/?p=95823"},"modified":"2021-07-15T12:08:58","modified_gmt":"2021-07-15T15:08:58","slug":"sin-un-acuerdo-entre-sectores-el-pro-en-san-pedro-iria-con-dos-listas","status":"publish","type":"post","link":"https:\/\/eldiariodesanpedro.com.ar\/sitio\/sin-un-acuerdo-entre-sectores-el-pro-en-san-pedro-iria-con-dos-listas\/","title":{"rendered":"Sin un acuerdo entre sectores el Pro en San Pedro ir\u00eda con dos listas"},"content":{"rendered":"<!-- VideographyWP Plugin Message: Automatic video embedding prevented by plugin options. -->\n\n<p>As\u00ed se va configurando luego de la reuni\u00f3n entre los concejales Gerardo Pelletier y Dami\u00e1n Lafalce donde no llegaron a un acuerdo y definieron pautas b\u00e1sicas para ir a una interna en San Pedro.<\/p>\n\n\n\n<p>En horas de la tarde, se reunieron en los comandos de campa\u00f1a los dos dirigentes sampedrinos tutelados por otros dirigentes provinciales y nacionales donde a\u00fan no llegaron a un acuerdo de unidad, pero donde pusieron reglas uniforme en el caso de haber interna.<\/p>\n\n\n\n<p>Por un lado la cabeza de lista de una de las listas ser\u00eda Ana Tiramonti, quien representa el ala m\u00e1s referenciada con Horacio Rodr\u00edguez Larreta y Mar\u00eda Eugenia Vidal; y por otra, Diego Lafalce que est\u00e1 las cercano a Patricia Bullrich.<\/p>\n\n\n\n<p>En el caso de Tiramonti estuvo en los \u00faltimos d\u00edas diagramando su agenda de campa\u00f1a con Diego Santilli y Cristian Ritondo con la meticulosa atenci\u00f3n del diputado Mat\u00edas Ranzini y Lucas Delfino, subsecretario de Cooperaci\u00f3n Federal de la Ciudad de Buenos Aires y hombre de confianza de Rodr\u00edguez Larreta.<\/p>\n\n\n\n<p>Por su parte Lafalce, junto a su hermano Diego, quiere disputarle el poder del Pro a Pelletier para llegar bien al 2023.<\/p>\n\n\n\n<p>Ahora s\u00f3lo resta saber el armado de cada una de las listas, los m\u00e1s optimistas de los consultados dicen que un acuerdo es tan posible como que se mantenga este esquema de internas. Restar\u00e1 ahora saber qu\u00e9 har\u00e1 el radicalismo.<\/p>\n","protected":false},"excerpt":{"rendered":"<p>As\u00ed se va configurando luego de la reuni\u00f3n entre los concejales Gerardo Pelletier y Dami\u00e1n Lafalce donde no llegaron a un acuerdo y definieron pautas b\u00e1sicas para ir a una interna en San Pedro. En horas de la tarde, se reunieron en los comandos de campa\u00f1a los dos dirigentes sampedrinos tutelados por otros dirigentes provinciales [&hellip;]<\/p>\n","protected":false},"author":4,"featured_media":95824,"comment_status":"closed","ping_status":"closed","sticky":false,"template":"","format":"standard","meta":{"om_disable_all_campaigns":false,"_jetpack_memberships_contains_paid_content":false,"footnotes":""},"categories":[50,2,102],"tags":[],"class_list":["post-95823","post","type-post","status-publish","format-standard","has-post-thumbnail","hentry","category-destacadas","category-locales","category-politica-locales"],"aioseo_notices":[],"gutentor_comment":0,"jetpack_featured_media_url":"https:\/\/eldiariodesanpedro.com.ar\/sitio\/wp-content\/uploads\/2021\/07\/211164361_1601111610097972_445506496042779731_n-1.jpg","jetpack_shortlink":"https:\/\/wp.me\/p6RhLt-oVx","jetpack_sharing_enabled":true,"_links":{"self":[{"href":"https:\/\/eldiariodesanpedro.com.ar\/sitio\/wp-json\/wp\/v2\/posts\/95823","targetHints":{"allow":["GET"]}}],"collection":[{"href":"https:\/\/eldiariodesanpedro.com.ar\/sitio\/wp-json\/wp\/v2\/posts"}],"about":[{"href":"https:\/\/eldiariodesanpedro.com.ar\/sitio\/wp-json\/wp\/v2\/types\/post"}],"author":[{"embeddable":true,"href":"https:\/\/eldiariodesanpedro.com.ar\/sitio\/wp-json\/wp\/v2\/users\/4"}],"replies":[{"embeddable":true,"href":"https:\/\/eldiariodesanpedro.com.ar\/sitio\/wp-json\/wp\/v2\/comments?post=95823"}],"version-history":[{"count":1,"href":"https:\/\/eldiariodesanpedro.com.ar\/sitio\/wp-json\/wp\/v2\/posts\/95823\/revisions"}],"predecessor-version":[{"id":95825,"href":"https:\/\/eldiariodesanpedro.com.ar\/sitio\/wp-json\/wp\/v2\/posts\/95823\/revisions\/95825"}],"wp:featuredmedia":[{"embeddable":true,"href":"https:\/\/eldiariodesanpedro.com.ar\/sitio\/wp-json\/wp\/v2\/media\/95824"}],"wp:attachment":[{"href":"https:\/\/eldiariodesanpedro.com.ar\/sitio\/wp-json\/wp\/v2\/media?parent=95823"}],"wp:term":[{"taxonomy":"category","embeddable":true,"href":"https:\/\/eldiariodesanpedro.com.ar\/sitio\/wp-json\/wp\/v2\/categories?post=95823"},{"taxonomy":"post_tag","embeddable":true,"href":"https:\/\/eldiariodesanpedro.com.ar\/sitio\/wp-json\/wp\/v2\/tags?post=95823"}],"curies":[{"name":"wp","href":"https:\/\/api.w.org\/{rel}","templated":true}]}}