{"id":95797,"date":"2021-07-15T10:58:54","date_gmt":"2021-07-15T13:58:54","guid":{"rendered":"https:\/\/eldiariodesanpedro.com.ar\/sitio\/?p=95797"},"modified":"2021-07-15T10:58:59","modified_gmt":"2021-07-15T13:58:59","slug":"compro-un-motor-por-facebook-y-nunca-lo-recibio","status":"publish","type":"post","link":"https:\/\/eldiariodesanpedro.com.ar\/sitio\/compro-un-motor-por-facebook-y-nunca-lo-recibio\/","title":{"rendered":"Compro un motor por Facebook y nunca lo recibi\u00f3"},"content":{"rendered":"<!-- VideographyWP Plugin Message: Automatic video embedding prevented by plugin options. -->\n\n<p>En horas de la tarde un ciudadano de 44 a\u00f1os realiz\u00f3 una denuncia en la comisar\u00eda local donde manifest\u00f3 que en la misma jornada pact\u00f3 una compra de un motor a trav\u00e9s de red social Facebook, realizando el dep\u00f3sito de dinero pactado, no recibiendo al d\u00eda de la fecha el motor.&nbsp;<\/p>\n\n\n\n<p>Posteriormente a haber realizado el dep\u00f3sito no tuvo novedad alguna de la persona con la cual se comunic\u00f3, quien lo bloqueo de los distintos medios de comunicaci\u00f3n.&nbsp;<\/p>\n\n\n\n<p>Investiga fiscal\u00eda local.&nbsp;<\/p>\n","protected":false},"excerpt":{"rendered":"<p>En horas de la tarde un ciudadano de 44 a\u00f1os realiz\u00f3 una denuncia en la comisar\u00eda local donde manifest\u00f3 que en la misma jornada pact\u00f3 una compra de un motor a trav\u00e9s de red social Facebook, realizando el dep\u00f3sito de dinero pactado, no recibiendo al d\u00eda de la fecha el motor.&nbsp; Posteriormente a haber realizado [&hellip;]<\/p>\n","protected":false},"author":4,"featured_media":95798,"comment_status":"closed","ping_status":"closed","sticky":false,"template":"","format":"standard","meta":{"om_disable_all_campaigns":false,"_jetpack_memberships_contains_paid_content":false,"footnotes":""},"categories":[2,103],"tags":[],"class_list":["post-95797","post","type-post","status-publish","format-standard","has-post-thumbnail","hentry","category-locales","category-policiales-locales"],"aioseo_notices":[],"gutentor_comment":0,"jetpack_featured_media_url":"https:\/\/eldiariodesanpedro.com.ar\/sitio\/wp-content\/uploads\/2021\/07\/estafa-por-facebook.jpg","jetpack_shortlink":"https:\/\/wp.me\/p6RhLt-oV7","jetpack_sharing_enabled":true,"_links":{"self":[{"href":"https:\/\/eldiariodesanpedro.com.ar\/sitio\/wp-json\/wp\/v2\/posts\/95797","targetHints":{"allow":["GET"]}}],"collection":[{"href":"https:\/\/eldiariodesanpedro.com.ar\/sitio\/wp-json\/wp\/v2\/posts"}],"about":[{"href":"https:\/\/eldiariodesanpedro.com.ar\/sitio\/wp-json\/wp\/v2\/types\/post"}],"author":[{"embeddable":true,"href":"https:\/\/eldiariodesanpedro.com.ar\/sitio\/wp-json\/wp\/v2\/users\/4"}],"replies":[{"embeddable":true,"href":"https:\/\/eldiariodesanpedro.com.ar\/sitio\/wp-json\/wp\/v2\/comments?post=95797"}],"version-history":[{"count":1,"href":"https:\/\/eldiariodesanpedro.com.ar\/sitio\/wp-json\/wp\/v2\/posts\/95797\/revisions"}],"predecessor-version":[{"id":95799,"href":"https:\/\/eldiariodesanpedro.com.ar\/sitio\/wp-json\/wp\/v2\/posts\/95797\/revisions\/95799"}],"wp:featuredmedia":[{"embeddable":true,"href":"https:\/\/eldiariodesanpedro.com.ar\/sitio\/wp-json\/wp\/v2\/media\/95798"}],"wp:attachment":[{"href":"https:\/\/eldiariodesanpedro.com.ar\/sitio\/wp-json\/wp\/v2\/media?parent=95797"}],"wp:term":[{"taxonomy":"category","embeddable":true,"href":"https:\/\/eldiariodesanpedro.com.ar\/sitio\/wp-json\/wp\/v2\/categories?post=95797"},{"taxonomy":"post_tag","embeddable":true,"href":"https:\/\/eldiariodesanpedro.com.ar\/sitio\/wp-json\/wp\/v2\/tags?post=95797"}],"curies":[{"name":"wp","href":"https:\/\/api.w.org\/{rel}","templated":true}]}}