{"id":95794,"date":"2021-07-15T10:54:24","date_gmt":"2021-07-15T13:54:24","guid":{"rendered":"https:\/\/eldiariodesanpedro.com.ar\/sitio\/?p=95794"},"modified":"2021-07-15T10:54:28","modified_gmt":"2021-07-15T13:54:28","slug":"la-policia-encuentra-a-una-joven-de-16-anos-que-se-fugo-de-la-comunidad-los-naranjos","status":"publish","type":"post","link":"https:\/\/eldiariodesanpedro.com.ar\/sitio\/la-policia-encuentra-a-una-joven-de-16-anos-que-se-fugo-de-la-comunidad-los-naranjos\/","title":{"rendered":"La polic\u00eda encuentra a una joven de 16 a\u00f1os que se fugo de la comunidad Los Naranjos"},"content":{"rendered":"<!-- VideographyWP Plugin Message: Automatic video embedding prevented by plugin options. -->\n\n<p>El personal policial de la comisar\u00eda de San Pedro en horas de la tarde alertado acude a Callej\u00f3n Pascual S\/N donde intercept\u00f3 a joven de 16 a\u00f1os de edad, quien momentos previos abandon\u00f3 la Comunidad Terap\u00e9utica \u201cLos Naranjos\u201d donde hallase en tratamiento.<\/p>\n\n\n\n<p>Tras el examen m\u00e9dico fue asistida en Comisar\u00eda de la Mujer y la Familia local, luego&nbsp; reintegrada al establecimiento.&nbsp;<\/p>\n\n\n\n<p>La menor fue la misma causante de averiguaci\u00f3n de paradero el pasado 22 de junio pasado, interviene fiscal\u00eda 07 local.-<\/p>\n","protected":false},"excerpt":{"rendered":"<p>El personal policial de la comisar\u00eda de San Pedro en horas de la tarde alertado acude a Callej\u00f3n Pascual S\/N donde intercept\u00f3 a joven de 16 a\u00f1os de edad, quien momentos previos abandon\u00f3 la Comunidad Terap\u00e9utica \u201cLos Naranjos\u201d donde hallase en tratamiento. Tras el examen m\u00e9dico fue asistida en Comisar\u00eda de la Mujer y la [&hellip;]<\/p>\n","protected":false},"author":4,"featured_media":95795,"comment_status":"closed","ping_status":"closed","sticky":false,"template":"","format":"standard","meta":{"om_disable_all_campaigns":false,"_jetpack_memberships_contains_paid_content":false,"footnotes":""},"categories":[2,103],"tags":[],"class_list":["post-95794","post","type-post","status-publish","format-standard","has-post-thumbnail","hentry","category-locales","category-policiales-locales"],"aioseo_notices":[],"gutentor_comment":0,"jetpack_featured_media_url":"https:\/\/eldiariodesanpedro.com.ar\/sitio\/wp-content\/uploads\/2021\/07\/P1220200-1.jpg","jetpack_shortlink":"https:\/\/wp.me\/p6RhLt-oV4","jetpack_sharing_enabled":true,"_links":{"self":[{"href":"https:\/\/eldiariodesanpedro.com.ar\/sitio\/wp-json\/wp\/v2\/posts\/95794","targetHints":{"allow":["GET"]}}],"collection":[{"href":"https:\/\/eldiariodesanpedro.com.ar\/sitio\/wp-json\/wp\/v2\/posts"}],"about":[{"href":"https:\/\/eldiariodesanpedro.com.ar\/sitio\/wp-json\/wp\/v2\/types\/post"}],"author":[{"embeddable":true,"href":"https:\/\/eldiariodesanpedro.com.ar\/sitio\/wp-json\/wp\/v2\/users\/4"}],"replies":[{"embeddable":true,"href":"https:\/\/eldiariodesanpedro.com.ar\/sitio\/wp-json\/wp\/v2\/comments?post=95794"}],"version-history":[{"count":1,"href":"https:\/\/eldiariodesanpedro.com.ar\/sitio\/wp-json\/wp\/v2\/posts\/95794\/revisions"}],"predecessor-version":[{"id":95796,"href":"https:\/\/eldiariodesanpedro.com.ar\/sitio\/wp-json\/wp\/v2\/posts\/95794\/revisions\/95796"}],"wp:featuredmedia":[{"embeddable":true,"href":"https:\/\/eldiariodesanpedro.com.ar\/sitio\/wp-json\/wp\/v2\/media\/95795"}],"wp:attachment":[{"href":"https:\/\/eldiariodesanpedro.com.ar\/sitio\/wp-json\/wp\/v2\/media?parent=95794"}],"wp:term":[{"taxonomy":"category","embeddable":true,"href":"https:\/\/eldiariodesanpedro.com.ar\/sitio\/wp-json\/wp\/v2\/categories?post=95794"},{"taxonomy":"post_tag","embeddable":true,"href":"https:\/\/eldiariodesanpedro.com.ar\/sitio\/wp-json\/wp\/v2\/tags?post=95794"}],"curies":[{"name":"wp","href":"https:\/\/api.w.org\/{rel}","templated":true}]}}