{"id":95791,"date":"2021-07-15T10:40:19","date_gmt":"2021-07-15T13:40:19","guid":{"rendered":"https:\/\/eldiariodesanpedro.com.ar\/sitio\/?p=95791"},"modified":"2021-07-15T10:40:22","modified_gmt":"2021-07-15T13:40:22","slug":"denuncia-por-danos-en-cerca-perimetral-de-arcor","status":"publish","type":"post","link":"https:\/\/eldiariodesanpedro.com.ar\/sitio\/denuncia-por-danos-en-cerca-perimetral-de-arcor\/","title":{"rendered":"Denuncia por da\u00f1os en cerca perimetral de Arcor"},"content":{"rendered":"<!-- VideographyWP Plugin Message: Automatic video embedding prevented by plugin options. -->\n\n<p>En la jornada de ayer denunci\u00f3 un masculino de 61 a\u00f1os de edad, que es responsable de la seguridad de la f\u00e1brica Arcor, ubicado en el lugar del hecho, tomando conocimiento que el d\u00eda viernes 9 de Julio del corriente mes y a\u00f1o, autores ignorados provocaron da\u00f1o en el alambrado perimetral del predio.&nbsp;<\/p>\n\n\n\n<p>Interviene fiscal\u00eda 07.<\/p>\n","protected":false},"excerpt":{"rendered":"<p>En la jornada de ayer denunci\u00f3 un masculino de 61 a\u00f1os de edad, que es responsable de la seguridad de la f\u00e1brica Arcor, ubicado en el lugar del hecho, tomando conocimiento que el d\u00eda viernes 9 de Julio del corriente mes y a\u00f1o, autores ignorados provocaron da\u00f1o en el alambrado perimetral del predio.&nbsp; Interviene fiscal\u00eda [&hellip;]<\/p>\n","protected":false},"author":4,"featured_media":95792,"comment_status":"closed","ping_status":"closed","sticky":false,"template":"","format":"standard","meta":{"om_disable_all_campaigns":false,"_jetpack_memberships_contains_paid_content":false,"footnotes":""},"categories":[2,103],"tags":[],"class_list":["post-95791","post","type-post","status-publish","format-standard","has-post-thumbnail","hentry","category-locales","category-policiales-locales"],"aioseo_notices":[],"gutentor_comment":0,"jetpack_featured_media_url":"https:\/\/eldiariodesanpedro.com.ar\/sitio\/wp-content\/uploads\/2021\/07\/ARCOR-planta-San-Pedro.png","jetpack_shortlink":"https:\/\/wp.me\/p6RhLt-oV1","jetpack_sharing_enabled":true,"_links":{"self":[{"href":"https:\/\/eldiariodesanpedro.com.ar\/sitio\/wp-json\/wp\/v2\/posts\/95791","targetHints":{"allow":["GET"]}}],"collection":[{"href":"https:\/\/eldiariodesanpedro.com.ar\/sitio\/wp-json\/wp\/v2\/posts"}],"about":[{"href":"https:\/\/eldiariodesanpedro.com.ar\/sitio\/wp-json\/wp\/v2\/types\/post"}],"author":[{"embeddable":true,"href":"https:\/\/eldiariodesanpedro.com.ar\/sitio\/wp-json\/wp\/v2\/users\/4"}],"replies":[{"embeddable":true,"href":"https:\/\/eldiariodesanpedro.com.ar\/sitio\/wp-json\/wp\/v2\/comments?post=95791"}],"version-history":[{"count":1,"href":"https:\/\/eldiariodesanpedro.com.ar\/sitio\/wp-json\/wp\/v2\/posts\/95791\/revisions"}],"predecessor-version":[{"id":95793,"href":"https:\/\/eldiariodesanpedro.com.ar\/sitio\/wp-json\/wp\/v2\/posts\/95791\/revisions\/95793"}],"wp:featuredmedia":[{"embeddable":true,"href":"https:\/\/eldiariodesanpedro.com.ar\/sitio\/wp-json\/wp\/v2\/media\/95792"}],"wp:attachment":[{"href":"https:\/\/eldiariodesanpedro.com.ar\/sitio\/wp-json\/wp\/v2\/media?parent=95791"}],"wp:term":[{"taxonomy":"category","embeddable":true,"href":"https:\/\/eldiariodesanpedro.com.ar\/sitio\/wp-json\/wp\/v2\/categories?post=95791"},{"taxonomy":"post_tag","embeddable":true,"href":"https:\/\/eldiariodesanpedro.com.ar\/sitio\/wp-json\/wp\/v2\/tags?post=95791"}],"curies":[{"name":"wp","href":"https:\/\/api.w.org\/{rel}","templated":true}]}}