{"id":95785,"date":"2021-07-15T10:34:40","date_gmt":"2021-07-15T13:34:40","guid":{"rendered":"https:\/\/eldiariodesanpedro.com.ar\/sitio\/?p=95785"},"modified":"2021-07-15T10:35:52","modified_gmt":"2021-07-15T13:35:52","slug":"violencia-de-genero-un-hombre-golpeo-y-amenazo-a-su-ex-pareja","status":"publish","type":"post","link":"https:\/\/eldiariodesanpedro.com.ar\/sitio\/violencia-de-genero-un-hombre-golpeo-y-amenazo-a-su-ex-pareja\/","title":{"rendered":"Violencia de Genero: Un hombre golpeo y amenazo a su ex pareja"},"content":{"rendered":"<!-- VideographyWP Plugin Message: Automatic video embedding prevented by plugin options. -->\n\n<p>Siendo este mi\u00e9rcoles alrededor de las 11:20 horas, el personal policial se hace presente&nbsp; en calle Brenan al 1900, donde procede aprehensi\u00f3n masculino de 42 a\u00f1os, quien momentos previo propina golpes de pu\u00f1o a ex pareja de 35 a\u00f1os de edad, adem\u00e1s de provocarle da\u00f1o a su tel\u00e9fono celular y posteriormente referirse amenazas verbales.&nbsp;<\/p>\n\n\n\n<p>La v\u00edctima fue trasladada por un m\u00f3vil policial a la Comisaria de la Mujer y la Familia donde fue asistida psicol\u00f3gicamente y acompa\u00f1ada para realizar la correspondiente denuncia.&nbsp;<\/p>\n\n\n\n<p>Se constat\u00f3 que las lesiones fueron de car\u00e1cter leves y la fiscal\u00eda en turno dispone que el aprehendido permanezca alojado en sede policial.<\/p>\n\n\n\n<figure class=\"wp-block-image size-large\"><img decoding=\"async\" width=\"752\" height=\"736\" data-attachment-id=\"95789\" data-permalink=\"https:\/\/eldiariodesanpedro.com.ar\/sitio\/violencia-de-genero-un-hombre-golpeo-y-amenazo-a-su-ex-pareja\/whatsapp-image-2021-07-15-at-09-45-40\/\" data-orig-file=\"https:\/\/eldiariodesanpedro.com.ar\/sitio\/wp-content\/uploads\/2021\/07\/WhatsApp-Image-2021-07-15-at-09.45.40.jpeg\" data-orig-size=\"752,736\" data-comments-opened=\"0\" data-image-meta=\"{&quot;aperture&quot;:&quot;0&quot;,&quot;credit&quot;:&quot;&quot;,&quot;camera&quot;:&quot;&quot;,&quot;caption&quot;:&quot;&quot;,&quot;created_timestamp&quot;:&quot;0&quot;,&quot;copyright&quot;:&quot;&quot;,&quot;focal_length&quot;:&quot;0&quot;,&quot;iso&quot;:&quot;0&quot;,&quot;shutter_speed&quot;:&quot;0&quot;,&quot;title&quot;:&quot;&quot;,&quot;orientation&quot;:&quot;0&quot;}\" data-image-title=\"WhatsApp-Image-2021-07-15-at-09.45.40\" data-image-description=\"\" data-image-caption=\"\" data-large-file=\"https:\/\/eldiariodesanpedro.com.ar\/sitio\/wp-content\/uploads\/2021\/07\/WhatsApp-Image-2021-07-15-at-09.45.40.jpeg\" data-src=\"https:\/\/eldiariodesanpedro.com.ar\/sitio\/wp-content\/uploads\/2021\/07\/WhatsApp-Image-2021-07-15-at-09.45.40.jpeg\" alt=\"\" class=\"wp-image-95789 lazyload\" data-srcset=\"https:\/\/eldiariodesanpedro.com.ar\/sitio\/wp-content\/uploads\/2021\/07\/WhatsApp-Image-2021-07-15-at-09.45.40.jpeg 752w, https:\/\/eldiariodesanpedro.com.ar\/sitio\/wp-content\/uploads\/2021\/07\/WhatsApp-Image-2021-07-15-at-09.45.40-300x294.jpeg 300w\" data-sizes=\"(max-width: 752px) 100vw, 752px\" src=\"data:image\/svg+xml;base64,PHN2ZyB3aWR0aD0iMSIgaGVpZ2h0PSIxIiB4bWxucz0iaHR0cDovL3d3dy53My5vcmcvMjAwMC9zdmciPjwvc3ZnPg==\" style=\"--smush-placeholder-width: 752px; --smush-placeholder-aspect-ratio: 752\/736;\" \/><\/figure>\n","protected":false},"excerpt":{"rendered":"<p>Siendo este mi\u00e9rcoles alrededor de las 11:20 horas, el personal policial se hace presente&nbsp; en calle Brenan al 1900, donde procede aprehensi\u00f3n masculino de 42 a\u00f1os, quien momentos previo propina golpes de pu\u00f1o a ex pareja de 35 a\u00f1os de edad, adem\u00e1s de provocarle da\u00f1o a su tel\u00e9fono celular y posteriormente referirse amenazas verbales.&nbsp; La [&hellip;]<\/p>\n","protected":false},"author":4,"featured_media":95786,"comment_status":"closed","ping_status":"closed","sticky":false,"template":"","format":"standard","meta":{"om_disable_all_campaigns":false,"_jetpack_memberships_contains_paid_content":false,"footnotes":""},"categories":[2,103],"tags":[],"class_list":["post-95785","post","type-post","status-publish","format-standard","has-post-thumbnail","hentry","category-locales","category-policiales-locales"],"aioseo_notices":[],"gutentor_comment":0,"jetpack_featured_media_url":"https:\/\/eldiariodesanpedro.com.ar\/sitio\/wp-content\/uploads\/2021\/07\/2-baja.jpg","jetpack_shortlink":"https:\/\/wp.me\/p6RhLt-oUV","jetpack_sharing_enabled":true,"_links":{"self":[{"href":"https:\/\/eldiariodesanpedro.com.ar\/sitio\/wp-json\/wp\/v2\/posts\/95785","targetHints":{"allow":["GET"]}}],"collection":[{"href":"https:\/\/eldiariodesanpedro.com.ar\/sitio\/wp-json\/wp\/v2\/posts"}],"about":[{"href":"https:\/\/eldiariodesanpedro.com.ar\/sitio\/wp-json\/wp\/v2\/types\/post"}],"author":[{"embeddable":true,"href":"https:\/\/eldiariodesanpedro.com.ar\/sitio\/wp-json\/wp\/v2\/users\/4"}],"replies":[{"embeddable":true,"href":"https:\/\/eldiariodesanpedro.com.ar\/sitio\/wp-json\/wp\/v2\/comments?post=95785"}],"version-history":[{"count":2,"href":"https:\/\/eldiariodesanpedro.com.ar\/sitio\/wp-json\/wp\/v2\/posts\/95785\/revisions"}],"predecessor-version":[{"id":95790,"href":"https:\/\/eldiariodesanpedro.com.ar\/sitio\/wp-json\/wp\/v2\/posts\/95785\/revisions\/95790"}],"wp:featuredmedia":[{"embeddable":true,"href":"https:\/\/eldiariodesanpedro.com.ar\/sitio\/wp-json\/wp\/v2\/media\/95786"}],"wp:attachment":[{"href":"https:\/\/eldiariodesanpedro.com.ar\/sitio\/wp-json\/wp\/v2\/media?parent=95785"}],"wp:term":[{"taxonomy":"category","embeddable":true,"href":"https:\/\/eldiariodesanpedro.com.ar\/sitio\/wp-json\/wp\/v2\/categories?post=95785"},{"taxonomy":"post_tag","embeddable":true,"href":"https:\/\/eldiariodesanpedro.com.ar\/sitio\/wp-json\/wp\/v2\/tags?post=95785"}],"curies":[{"name":"wp","href":"https:\/\/api.w.org\/{rel}","templated":true}]}}