{"id":95782,"date":"2021-07-15T10:00:00","date_gmt":"2021-07-15T13:00:00","guid":{"rendered":"https:\/\/eldiariodesanpedro.com.ar\/sitio\/?p=95782"},"modified":"2021-07-15T10:00:05","modified_gmt":"2021-07-15T13:00:05","slug":"baradero-vacunacion-libre-para-mayores-de-18-anos","status":"publish","type":"post","link":"https:\/\/eldiariodesanpedro.com.ar\/sitio\/baradero-vacunacion-libre-para-mayores-de-18-anos\/","title":{"rendered":"BARADERO | Vacunaci\u00f3n libre para mayores de 18 a\u00f1os"},"content":{"rendered":"<!-- VideographyWP Plugin Message: Automatic video embedding prevented by plugin options. -->\n\n<p>A partir de hoy mi\u00e9rcoles 14 de julio la vacunaci\u00f3n en nuestra ciudad ser\u00e1 LIBRE para todas y todos los mayores de 18 a\u00f1os que a\u00fan no hayan recibido su primera dosis y no tengan turno ya otorgado.<\/p>\n\n\n\n<p>Baradero es uno de los 69 municipios bonaerenses que ya vacunaron con al menos una dosis al 95% de las y los inscriptos y se suma a las&nbsp;<a href=\"https:\/\/www.facebook.com\/hashtag\/ciudadesprotegidas?__eep__=6&amp;source=feed_text&amp;epa=HASHTAG&amp;__xts__%5B0%5D=68.ARDmoy6BiGtN79IRV69pMU2qEwruvEVEUVRdT0KQGj3DN4bKa9VZXu7m1FLiqrwDSXQWsbJ5sn6tACgRwj_TnTo6Za3XaJG7fvfoem4rIUBXGY-QSEOz-smiDLxib5DhkneTDV3zWJO565Rq5_XmxJbPehRnjmqqfIffXAOSbwDMVJeiqavnUgf3tQNjWK9rBe9odi_76CpElS6O8y6lWEO9L9ZOzYdiznrnpkxJeWviMPXveSj6_myfPpCkTUYtZ8ThSPuvsTSlhwRmme171_0cLG77c1qQRu11pP-oMJDgDAgENj9MUA&amp;__tn__=%2ANK-R\">#CiudadesProtegidas<\/a>.<\/p>\n\n\n\n<p>Esta medida fue anunciada por Axel Kicillof y se alcanza gracias al r\u00e1pido avance en el Plan de Vacunaci\u00f3n, a la gran cantidad de dosis recibidas y al excelente trabajo del personal de salud y trabajadores y trabajadoras del vacunatorio ubicado en el sindicato SOERM.<\/p>\n\n\n\n<p>Ya no es necesaria la inscripci\u00f3n, SI A\u00daN NO TE VACUNASTE, AC\u00c9RCATE Y RECIB\u00cd TU INMUNIZACI\u00d3N.<\/p>\n","protected":false},"excerpt":{"rendered":"<p>A partir de hoy mi\u00e9rcoles 14 de julio la vacunaci\u00f3n en nuestra ciudad ser\u00e1 LIBRE para todas y todos los mayores de 18 a\u00f1os que a\u00fan no hayan recibido su primera dosis y no tengan turno ya otorgado. Baradero es uno de los 69 municipios bonaerenses que ya vacunaron con al menos una dosis al [&hellip;]<\/p>\n","protected":false},"author":4,"featured_media":95783,"comment_status":"closed","ping_status":"closed","sticky":false,"template":"","format":"standard","meta":{"om_disable_all_campaigns":false,"_jetpack_memberships_contains_paid_content":false,"footnotes":""},"categories":[621],"tags":[],"class_list":["post-95782","post","type-post","status-publish","format-standard","has-post-thumbnail","hentry","category-regionales"],"aioseo_notices":[],"gutentor_comment":0,"jetpack_featured_media_url":"https:\/\/eldiariodesanpedro.com.ar\/sitio\/wp-content\/uploads\/2021\/07\/217640165_1743433792511283_5635215635851320394_n.jpg","jetpack_shortlink":"https:\/\/wp.me\/p6RhLt-oUS","jetpack_sharing_enabled":true,"_links":{"self":[{"href":"https:\/\/eldiariodesanpedro.com.ar\/sitio\/wp-json\/wp\/v2\/posts\/95782","targetHints":{"allow":["GET"]}}],"collection":[{"href":"https:\/\/eldiariodesanpedro.com.ar\/sitio\/wp-json\/wp\/v2\/posts"}],"about":[{"href":"https:\/\/eldiariodesanpedro.com.ar\/sitio\/wp-json\/wp\/v2\/types\/post"}],"author":[{"embeddable":true,"href":"https:\/\/eldiariodesanpedro.com.ar\/sitio\/wp-json\/wp\/v2\/users\/4"}],"replies":[{"embeddable":true,"href":"https:\/\/eldiariodesanpedro.com.ar\/sitio\/wp-json\/wp\/v2\/comments?post=95782"}],"version-history":[{"count":1,"href":"https:\/\/eldiariodesanpedro.com.ar\/sitio\/wp-json\/wp\/v2\/posts\/95782\/revisions"}],"predecessor-version":[{"id":95784,"href":"https:\/\/eldiariodesanpedro.com.ar\/sitio\/wp-json\/wp\/v2\/posts\/95782\/revisions\/95784"}],"wp:featuredmedia":[{"embeddable":true,"href":"https:\/\/eldiariodesanpedro.com.ar\/sitio\/wp-json\/wp\/v2\/media\/95783"}],"wp:attachment":[{"href":"https:\/\/eldiariodesanpedro.com.ar\/sitio\/wp-json\/wp\/v2\/media?parent=95782"}],"wp:term":[{"taxonomy":"category","embeddable":true,"href":"https:\/\/eldiariodesanpedro.com.ar\/sitio\/wp-json\/wp\/v2\/categories?post=95782"},{"taxonomy":"post_tag","embeddable":true,"href":"https:\/\/eldiariodesanpedro.com.ar\/sitio\/wp-json\/wp\/v2\/tags?post=95782"}],"curies":[{"name":"wp","href":"https:\/\/api.w.org\/{rel}","templated":true}]}}