{"id":95779,"date":"2021-07-15T09:53:21","date_gmt":"2021-07-15T12:53:21","guid":{"rendered":"https:\/\/eldiariodesanpedro.com.ar\/sitio\/?p=95779"},"modified":"2021-07-15T09:53:25","modified_gmt":"2021-07-15T12:53:25","slug":"clinica-san-pedro-los-trabajadores-realizaran-una-marcha-este-viernes-y-piden-el-acompanamiento-de-la-sociedad","status":"publish","type":"post","link":"https:\/\/eldiariodesanpedro.com.ar\/sitio\/clinica-san-pedro-los-trabajadores-realizaran-una-marcha-este-viernes-y-piden-el-acompanamiento-de-la-sociedad\/","title":{"rendered":"Cl\u00ednica San Pedro: Los trabajadores realizaran una marcha este viernes y piden el acompa\u00f1amiento de la sociedad"},"content":{"rendered":"<!-- VideographyWP Plugin Message: Automatic video embedding prevented by plugin options. -->\n\n<p>Extrabajadores y trabajadoras de la Cl\u00ednica Privada San Pedro contin\u00faan en las puertas del sanatorio sin respuestas de los m\u00e9dicos propietarios. Por ello convocaron a una movilizaci\u00f3n para el viernes 16, a las 18.00, que partir\u00e1 desde las puertas de la Cl\u00ednica, en Facundo Quiroga y Belgrano. Adem\u00e1s contin\u00faa la recolecci\u00f3n de firmas.\u00a0<\/p>\n\n\n\n<p><strong>69 son los extrabajadores y trabajadoras de la Cl\u00ednica Privada San Pedro<\/strong>&nbsp;que permanecen luchando por conservar sus fuentes de trabajo luego que los m\u00e9dicos propietarios del sanatorio decidieran \u00abcerrar\u00bb pero sin declarar la quiebra ni despedir a los y las empleadas.&nbsp;<\/p>\n\n\n\n<p><strong>Sin avances en el ministerio de Trabajo ni en la gesti\u00f3n pol\u00edtica<\/strong>, el personal de la cl\u00ednica convoca a una&nbsp;<strong>movilizaci\u00f3n&nbsp;<\/strong>que se realizar\u00e1 este<strong>&nbsp;viernes 16, desde las 18.00<\/strong>, partiendo desde las puertas del sanatorio, en&nbsp;<strong>Facundo Quiroga y Belgrano<\/strong>. Por el momento, no est\u00e1 definido el recorrido, que podr\u00eda incluir la Municipalidad y\/o la delegaci\u00f3n local del Ministerio de Trabajo.<\/p>\n","protected":false},"excerpt":{"rendered":"<p>Extrabajadores y trabajadoras de la Cl\u00ednica Privada San Pedro contin\u00faan en las puertas del sanatorio sin respuestas de los m\u00e9dicos propietarios. Por ello convocaron a una movilizaci\u00f3n para el viernes 16, a las 18.00, que partir\u00e1 desde las puertas de la Cl\u00ednica, en Facundo Quiroga y Belgrano. Adem\u00e1s contin\u00faa la recolecci\u00f3n de firmas.\u00a0 69 son [&hellip;]<\/p>\n","protected":false},"author":4,"featured_media":95780,"comment_status":"closed","ping_status":"closed","sticky":false,"template":"","format":"standard","meta":{"om_disable_all_campaigns":false,"_jetpack_memberships_contains_paid_content":false,"footnotes":""},"categories":[50,101,2],"tags":[],"class_list":["post-95779","post","type-post","status-publish","format-standard","has-post-thumbnail","hentry","category-destacadas","category-interes-general-locales","category-locales"],"aioseo_notices":[],"gutentor_comment":0,"jetpack_featured_media_url":"https:\/\/eldiariodesanpedro.com.ar\/sitio\/wp-content\/uploads\/2021\/07\/217055198_113008514383533_6291958608094057643_n.jpg","jetpack_shortlink":"https:\/\/wp.me\/p6RhLt-oUP","jetpack_sharing_enabled":true,"_links":{"self":[{"href":"https:\/\/eldiariodesanpedro.com.ar\/sitio\/wp-json\/wp\/v2\/posts\/95779","targetHints":{"allow":["GET"]}}],"collection":[{"href":"https:\/\/eldiariodesanpedro.com.ar\/sitio\/wp-json\/wp\/v2\/posts"}],"about":[{"href":"https:\/\/eldiariodesanpedro.com.ar\/sitio\/wp-json\/wp\/v2\/types\/post"}],"author":[{"embeddable":true,"href":"https:\/\/eldiariodesanpedro.com.ar\/sitio\/wp-json\/wp\/v2\/users\/4"}],"replies":[{"embeddable":true,"href":"https:\/\/eldiariodesanpedro.com.ar\/sitio\/wp-json\/wp\/v2\/comments?post=95779"}],"version-history":[{"count":1,"href":"https:\/\/eldiariodesanpedro.com.ar\/sitio\/wp-json\/wp\/v2\/posts\/95779\/revisions"}],"predecessor-version":[{"id":95781,"href":"https:\/\/eldiariodesanpedro.com.ar\/sitio\/wp-json\/wp\/v2\/posts\/95779\/revisions\/95781"}],"wp:featuredmedia":[{"embeddable":true,"href":"https:\/\/eldiariodesanpedro.com.ar\/sitio\/wp-json\/wp\/v2\/media\/95780"}],"wp:attachment":[{"href":"https:\/\/eldiariodesanpedro.com.ar\/sitio\/wp-json\/wp\/v2\/media?parent=95779"}],"wp:term":[{"taxonomy":"category","embeddable":true,"href":"https:\/\/eldiariodesanpedro.com.ar\/sitio\/wp-json\/wp\/v2\/categories?post=95779"},{"taxonomy":"post_tag","embeddable":true,"href":"https:\/\/eldiariodesanpedro.com.ar\/sitio\/wp-json\/wp\/v2\/tags?post=95779"}],"curies":[{"name":"wp","href":"https:\/\/api.w.org\/{rel}","templated":true}]}}