{"id":95752,"date":"2021-07-14T20:14:13","date_gmt":"2021-07-14T23:14:13","guid":{"rendered":"https:\/\/eldiariodesanpedro.com.ar\/sitio\/?p=95752"},"modified":"2021-07-14T20:14:17","modified_gmt":"2021-07-14T23:14:17","slug":"liberaron-a-los-policias-acusados-de-asesinar-a-german-lopes-garcia","status":"publish","type":"post","link":"https:\/\/eldiariodesanpedro.com.ar\/sitio\/liberaron-a-los-policias-acusados-de-asesinar-a-german-lopes-garcia\/","title":{"rendered":"Liberaron a los polic\u00edas acusados de asesinar a German L\u00f3pes Garc\u00eda"},"content":{"rendered":"<!-- VideographyWP Plugin Message: Automatic video embedding prevented by plugin options. -->\n\n<p>El Juez de Garant\u00edas otorgo la libertad a los dos efectivos policiales que se encontraban detenidos tras la muerte del hombre de 44 a\u00f1os German L\u00f3pez Garc\u00eda luego de estar internado 27 d\u00edas.<\/p>\n\n\n\n<p>En la jornada de hoy el doctor Rom\u00e1n Parodi\u00a0del Juzgado de Garant\u00edas de San Nicol\u00e1s decidi\u00f3 otorgarles la libertad a los dos efectivos identificados como Rodrigo Vel\u00e1zquez y Emanuel Gonz\u00e1lez tras cambiar la caratula de la causa.<\/p>\n\n\n\n<p>Seg\u00fan el Fiscal Granda de Baradero los efectivos no tuvieron la intensi\u00f3n de asesinar a esta persona, eso es lo que origina el cambio de caratula.<\/p>\n\n\n\n<p>Recordemos que esto sucedi\u00f3 el pasado mes de mayo cuando en un confuso episodio los efectivos son acusado de golpear violentamente sin motivos al ciudadano German L\u00f3pez Garc\u00eda cuando se hicieron presentes en su domicilio en un primer momento por un caso de violencia de genero que seg\u00fan los familiares de la victima no fue as\u00ed.<\/p>\n\n\n\n<p>Tras ser golpeado Garc\u00eda estuvo internado en el nosocomio local 27 d\u00edas hasta que falleci\u00f3 producto de golpes internos en su abdomen.<\/p>\n","protected":false},"excerpt":{"rendered":"<p>El Juez de Garant\u00edas otorgo la libertad a los dos efectivos policiales que se encontraban detenidos tras la muerte del hombre de 44 a\u00f1os German L\u00f3pez Garc\u00eda luego de estar internado 27 d\u00edas. En la jornada de hoy el doctor Rom\u00e1n Parodi\u00a0del Juzgado de Garant\u00edas de San Nicol\u00e1s decidi\u00f3 otorgarles la libertad a los dos [&hellip;]<\/p>\n","protected":false},"author":4,"featured_media":93492,"comment_status":"open","ping_status":"closed","sticky":false,"template":"","format":"standard","meta":{"om_disable_all_campaigns":false,"_jetpack_memberships_contains_paid_content":false,"footnotes":""},"categories":[50,101,2],"tags":[],"class_list":["post-95752","post","type-post","status-publish","format-standard","has-post-thumbnail","hentry","category-destacadas","category-interes-general-locales","category-locales"],"aioseo_notices":[],"gutentor_comment":0,"jetpack_featured_media_url":"https:\/\/eldiariodesanpedro.com.ar\/sitio\/wp-content\/uploads\/2021\/06\/195136554_2568674430103268_6386783636157255487_n.jpg","jetpack_shortlink":"https:\/\/wp.me\/p6RhLt-oUo","jetpack_sharing_enabled":true,"_links":{"self":[{"href":"https:\/\/eldiariodesanpedro.com.ar\/sitio\/wp-json\/wp\/v2\/posts\/95752","targetHints":{"allow":["GET"]}}],"collection":[{"href":"https:\/\/eldiariodesanpedro.com.ar\/sitio\/wp-json\/wp\/v2\/posts"}],"about":[{"href":"https:\/\/eldiariodesanpedro.com.ar\/sitio\/wp-json\/wp\/v2\/types\/post"}],"author":[{"embeddable":true,"href":"https:\/\/eldiariodesanpedro.com.ar\/sitio\/wp-json\/wp\/v2\/users\/4"}],"replies":[{"embeddable":true,"href":"https:\/\/eldiariodesanpedro.com.ar\/sitio\/wp-json\/wp\/v2\/comments?post=95752"}],"version-history":[{"count":1,"href":"https:\/\/eldiariodesanpedro.com.ar\/sitio\/wp-json\/wp\/v2\/posts\/95752\/revisions"}],"predecessor-version":[{"id":95765,"href":"https:\/\/eldiariodesanpedro.com.ar\/sitio\/wp-json\/wp\/v2\/posts\/95752\/revisions\/95765"}],"wp:featuredmedia":[{"embeddable":true,"href":"https:\/\/eldiariodesanpedro.com.ar\/sitio\/wp-json\/wp\/v2\/media\/93492"}],"wp:attachment":[{"href":"https:\/\/eldiariodesanpedro.com.ar\/sitio\/wp-json\/wp\/v2\/media?parent=95752"}],"wp:term":[{"taxonomy":"category","embeddable":true,"href":"https:\/\/eldiariodesanpedro.com.ar\/sitio\/wp-json\/wp\/v2\/categories?post=95752"},{"taxonomy":"post_tag","embeddable":true,"href":"https:\/\/eldiariodesanpedro.com.ar\/sitio\/wp-json\/wp\/v2\/tags?post=95752"}],"curies":[{"name":"wp","href":"https:\/\/api.w.org\/{rel}","templated":true}]}}