{"id":95745,"date":"2021-07-14T19:40:26","date_gmt":"2021-07-14T22:40:26","guid":{"rendered":"https:\/\/eldiariodesanpedro.com.ar\/sitio\/?p=95745"},"modified":"2021-07-14T19:40:34","modified_gmt":"2021-07-14T22:40:34","slug":"max-higgins-hablo-con-la-nacion-e-insiste-con-recuperar-sus-tierras-y-hacer-el-parque-disney-en-san-pedro","status":"publish","type":"post","link":"https:\/\/eldiariodesanpedro.com.ar\/sitio\/max-higgins-hablo-con-la-nacion-e-insiste-con-recuperar-sus-tierras-y-hacer-el-parque-disney-en-san-pedro\/","title":{"rendered":"Max Higgins hablo con La Naci\u00f3n e insiste con recuperar sus tierras y hacer el parque Disney en San Pedro"},"content":{"rendered":"<!-- VideographyWP Plugin Message: Automatic video embedding prevented by plugin options. -->\n\n<p>El jamaiquino contin\u00faa viviendo en condici\u00f3n de calle y fue entrevistado por La Naci\u00f3n. Sostiene que su dinero sigue retenido por los bancos y asegura querer desarrollar el proyecto Disney en San Pedro.\u00a0\u00a0<\/p>\n\n\n\n<p>Est\u00e1&nbsp;vestido con un traje azul, pa\u00f1uelo sobresaliendo del bolsillo, medias al tono, remera blanca y zapatos marrones en buen estado de conservaci\u00f3n. Una manta celeste, almohad\u00f3n y un bolso deportivo algo ra\u00eddo son sus pertenencias visibles, todas depositadas con prolijidad sobre&nbsp;la vereda de la coqueta recova de Avenida del Libertador casi en la intersecci\u00f3n con la calle Libertad. All\u00ed, a metros del Patrio Bullrich, a tan solo doscientos metros de la distinguida Avenida Alvear de atm\u00f3sfera parisina, vive&nbsp;Emile Maxim St. Patrick Higgins, uno de los cientos de vecinos de la ciudad en situaci\u00f3n de calle&nbsp;que, como cada uno de ellos, arrastra&nbsp;una historia de destierros, frustraciones, abandonos y bancarrota econ\u00f3mica. En su caso, ese pasado conlleva el sino tr\u00e1gico, pero con&nbsp;ribetes por dem\u00e1s llamativos.<\/p>\n\n\n\n<p>En 2007,&nbsp;Patrick Higgins anunci\u00f3 la creaci\u00f3n de un Disney World en 132 hect\u00e1reas, supuestamente de su propiedad, ubicadas en la ciudad de San Pedro, al norte de la provincia de Buenos Aires. Un letrero y hasta la confirmaci\u00f3n del proyecto de parte de las autoridades de la ciudad de las naranjas le confirieron cierto aire de seriedad a la aventura. Adem\u00e1s, unos meses antes de ese anuncio rimbombante, tambi\u00e9n&nbsp;fue el responsable de&nbsp;World Football Idol, un reality televisivo a medio terminar que buscaba a la nueva estrella del f\u00fatbol del mundo y contaba con la venia de Diego Armando Maradona, quien ofici\u00f3 de animador del certamen.&nbsp;El hombre nacido en Jamaica encontr\u00f3 en Argentina un lugar propicio para concretar sus sue\u00f1os, algunos de ellos a\u00fan inconclusos.<\/p>\n\n\n\n<p>Nadie sabe con precisi\u00f3n el origen de Patrick y su supuesta fortuna. \u00bfSe trata de un delirante? \u00bfUn estafador? \u00bfC\u00f3mo logr\u00f3 convencer a tanta gente de que lo suyo iba en serio? \u00bfEs realmente un empresario ca\u00eddo en desgracia? Vol\u00f3 en aviones privados, tuvo oficinas en Puerto Madero, us\u00f3 autos de alta gama, contrat\u00f3 a primeras figuras nacionales e internacionales&#8230; A continuaci\u00f3n, su fascinante historia.<\/p>\n\n\n\n<p>Destierro y fabulaci\u00f3n<br>En aquellos tiempos de opulencia con mucho de espejitos de colores,\u00a0el otrora empresario se mov\u00eda en autos de alta gama y pernoctaba en hoteles cinco estrellas.\u00a0Se hac\u00eda llamar \u201cEl Rey del Entretenimiento\u201d.<\/p>\n\n\n\n<p>-\u00bfTen\u00e9s barbijo?<br>-S\u00ed\u2026<br>-\u00bfPodr\u00edas coloc\u00e1rtelo?<br>Emile asiente, pero contin\u00faa hablando con su boca destapada en\u00a0una media lengua que alterna un mal espa\u00f1ol con un confuso ingl\u00e9s, idioma que prioriza. Es complejo descifrar si existe l\u00f3gica en su relato. Para el ne\u00f3fito en esas cuestiones de la psiquis humana, su hablar desnuda, al menos, lo que vulgarmente podr\u00eda definirse como\u00a0una persona delirante.<br>-Tengo mucha plata en retenci\u00f3n.<br>-\u00bfImpuestos?<br>-Tengo mucha plata en este pa\u00eds.<br>-\u2026<br>-Este a\u00f1o es posible que seven million de d\u00f3lares\u2026<br>-\u00bfPara qu\u00e9 necesit\u00e1s ese dinero?<br>-Para regreso\u2026<br>-\u00bfPara regresar a tu pa\u00eds?<br>-No, para que me regresen mi plata.<br>-\u00bfQui\u00e9n tiene ese dinero?<br>-Est\u00e1 en retenci\u00f3n\u2026<br>-\u00bfRetenci\u00f3n del Estado?<br>-Exactamente\u2026 mi plata es siete punto cinco millones de d\u00f3lares.<br>-No me queda claro qui\u00e9n te retuvo el dinero.<br>-Necesito que regrese a m\u00ed, mi plata.<br>-\u00bfQui\u00e9n la tiene?<br>&#8230;..<br>Emile menciona a dos entidades bancarias de origen extranjero. La suma que hoy esboza es inferior a los dos billones que alguna vez declar\u00f3 como confiscados, raz\u00f3n por la cual comenz\u00f3 a deambular por la ciudad.<br>-\u00bfPor qu\u00e9 los bancos se quedaron con tu dinero?<br>-Porque me cerraron las cuentas. \u00bfEntiendes?<\/p>\n\n\n\n<p>Opulencias<br>Tiene su cuerpo bastante encorvado, a pesar de aparentar ser un hombre joven.\u00a0Barba raleada, cabello corto enrulado. El aseo y un aire de prolijidad parecieran deschabar ese pasado de finanzas abultadas o, al menos, de\u00a0un estilo de vida sibarita.<br>Los argentinos conocieron a Emile Maxim St. Patrick Higgins en el 2007. Corr\u00eda el mes de abril cuando en la ciudad de Mar del Plata, \u00e9l mismo, enfundado en un costoso traje y luciendo joyas de oro, protagonizaba los avisos de la convocatoria para la realizaci\u00f3n de World Football Idol, un reality que tendr\u00eda con finalidad encontrar a una nueva gran estrella del f\u00fatbol, que ser\u00eda premiada con cien mil d\u00f3lares y la posibilidad de probarse en el club del mundo que quisiera. La convocatoria ten\u00eda fecha y lugar: 12 de mayo en el Estadio Mundialista de \u201cLa Feliz\u201d.<\/p>\n\n\n\n<p>El empresario arrib\u00f3 a la ciudad en un jet privado y, de inmediato, abord\u00f3 un Lamborghini Diablo modelo 1989, en el que tambi\u00e9n podr\u00eda dar una vuelta el ganador del certamen. Sin embargo,&nbsp;la idea no cuaj\u00f3 entre los marplatenses. Solo unas 30 personas se interesaron por la propuesta.&nbsp;Pero, St. Patrick Higgins no se acobard\u00f3 e insisti\u00f3.<\/p>\n\n\n\n<p>El 24 de julio, en el polideportivo Islas Malvinas, se llev\u00f3 a cabo una segunda instancia de la singular propuesta. Para atraer al p\u00fablico, convoc\u00f3 a&nbsp;Diego Maradona y, durante el evento, hil\u00f3 tres shows de primer nivel: La Sole, Los Nocheros y Gloria Gaynor.&nbsp;El conductor del evento fue el futbolista&nbsp;Sergio Goycochea.<\/p>\n\n\n\n<p>El 24 de noviembre de 2007, el pintoresco empresario volvi\u00f3 a generar una convocatoria y escogi\u00f3, una vez m\u00e1s, al fara\u00f3nico Estadio Mundialista de la avenida Juan B. Justo de Mar del Plata. La lluvia opac\u00f3 la jornada y poca gente se hizo presente en el lugar, a pesar de las atractivas actuaciones del grupo Miranda!, que ofici\u00f3 de telonero de la banda internacional Duran Duran.<\/p>\n\n\n\n<p>En simult\u00e1neo a su berret\u00edn por encontrar talentos con destreza frente al bal\u00f3n,&nbsp;Emile Maxim St. Patrick Higgins anunci\u00f3 aquel delirante desarrollo de un parque Disney en la ciudad bonaerense de San Pedro.<\/p>\n\n\n\n<p>Ante los incr\u00e9dulos, el empresario de dientes relucientes&nbsp;mostraba la escritura que atestiguaba ser el propietario de las 120 hect\u00e1reas de campo&nbsp;donde se desarrollar\u00eda el fara\u00f3nico parque con atracciones mec\u00e1nicas nunca vistas en el pa\u00eds.<\/p>\n\n\n\n<p>Los letreros anunciaban el Word Disney Mundo, pero el gigante Disney se encarg\u00f3 de desmentir que hubiese permitido el emplazamiento del futuro parque.&nbsp;Sin embargo, el empresario, que se paseaba por Puerto Madero en lujosos autom\u00f3viles y mostraba sus manos llenas de anillos, pulseras y relojes de oro, insist\u00eda con su idea y aseguraba que generar\u00eda cientos de puestos de trabajo a trav\u00e9s de la Higgins Warner Corporation.<\/p>\n\n\n\n<p>En alguna ocasi\u00f3n, el ex\u00f3tico personaje&nbsp;se mostr\u00f3 bajando de un helic\u00f3ptero con hombres vestidos con t\u00fanicas, buscando confirmar que los capitales para montar el parque de diversiones ten\u00edan su origen en los Emiratos \u00c1rabes.<\/p>\n\n\n\n<p>Ni aquel certamen logr\u00f3 catapultar a la fama a ning\u00fan aspirante a astro del f\u00fatbol ni se levant\u00f3 en San Pedro un Disney local. Al tiempo, nada m\u00e1s se supo del singular jamaiquino que habr\u00eda dejado un importante saldo deudor con un destacado empresario marplatense dedicado a la producci\u00f3n de eventos y sus tierras sanpedrinas habr\u00edan sido embargadas.<\/p>\n\n\n\n<p>Bajo una recova<br>-\u00bfPodr\u00edas ponerte el barbijo? Si no ten\u00e9s, puedo ofrecerte uno.<br>-Pero no se escucha.<br>-Pero es m\u00e1s seguro.<br>-Ok.<\/p>\n\n\n\n<p>Finalmente, acepta colocarse el tapabocas y seguir hablando con cordialidad. Se le percibe las ganas de comunicar su verdad.<br>-Con un capital tan importante, \u00bfpor qu\u00e9 viv\u00eds en la calle?<br>-Yo no tengo acceso a plata. Mira lo que tengo\u2026<\/p>\n\n\n\n<p>Muestra su billetera prolija, aunque ajada, que contiene algunas tarjetas y una suma de ciento veinte pesos.<br>-\u00bfPor qu\u00e9 no pod\u00e9s sacar tu dinero de los bancos?<br>-El problema es que\u00a0the plata\u00a0(sic) es mucha\u2026 \u00bfSabes cu\u00e1l es el problema?<br>-Explic\u00e1melo.<br>-Yo tengo pasaporte argentino diplom\u00e1tico.<\/p>\n\n\n\n<p>Sin mayores detalles, insiste en la versi\u00f3n del documento internacional avalado por la diplomacia.<br>-Emile, vos hab\u00edas generado el proyecto de un parque Disney en la ciudad de San Pedro. \u00bfQu\u00e9 sucedi\u00f3? \u00bfPor qu\u00e9 no lo concretaste?<br>-Necesito continuar. Muchas personas saben que tengo mi casa en Puerto Madero y mi oficina.<br>-Me estabas contando sobre el Disney de San Pedro.<br>-S\u00ed. Necesito plata que regrese a m\u00ed. No tengo acceso a esa plata.<br>-\u00bfPor qu\u00e9?<br>-Es pol\u00edtico, necesito del Congreso.<br>-\u00bfEs un tema pol\u00edtico?<br>-Exactamente.<br>-\u00bfPor qu\u00e9? \u00bfAlguien no quer\u00eda que se concretara el proyecto?<br>-Exactamente. Necesito toda la prensa para ayuda a m\u00ed. \u00bfTu nombre&#8230;?<\/p>\n\n\n\n<p>Cada tanto dir\u00e1 \u201cfor example\u201d en esa lengua a mitad de camino entre el espa\u00f1ol y el ingl\u00e9s que es idioma oficial en su Jamaica natal, aunque el idioma nacional es el patois jamaiquino.<br>-Emile, \u00bfviv\u00eds en esta vereda?<br>-S\u00ed.<br>-Se te ve muy prolijo. \u00bfPod\u00e9s higienizarte?<br>-S\u00ed, en caf\u00e9\u2026<br>-\u00bfQui\u00e9n te ayuda con la alimentaci\u00f3n?<br>-La gente.<\/p>\n\n\n\n<p>Seg\u00fan pudo saber\u00a0LA NACI\u00d3N,\u00a0algunos vecinos y comerciantes de la cuadra le ofrecen ayuda: desde comida hasta algunos pesos para sobrevivir en el d\u00eda a d\u00eda satisfaciendo cuestiones muy b\u00e1sicas. \u201cLa gente le da una mano\u201d, reconoci\u00f3 la empleada de una marca de ropa de dise\u00f1o de la cuadra.<br>-\u00bfTen\u00e9s familia en Jamaica?<br>-No.<br>-\u00bfY en Argentina?<br>-No familia. Pol\u00edticos\u2026 pol\u00edticos.<br>-\u00bfQu\u00e9 sucede con los pol\u00edticos?<br>-Todos saben de m\u00ed. Tambi\u00e9n duermo all\u00e1.<\/p>\n\n\n\n<p>Emile se\u00f1ala hacia el sur y aclara que se trata de la esquina de Leandro N. Alem y Corrientes.<br>-Entonces el problema es tu dinero confiscado.<br>-Pr\u00f3ximamente sacar\u00e9.<br>-\u00bfVas a continuar con el proyecto del Disney en la provincia de Buenos Aires?<br>-S\u00ed.<br>-En el programa\u00a0World Football Idol\u00a0conociste a Diego Maradona.<br>-Exactamente.<br>-\u00bfC\u00f3mo era \u00e9l?<br>-No s\u00f3lo \u00e9l, tambi\u00e9n muchos pol\u00edticos, abogados, arquitectos, escribanos. Pero no tengo acceso a la plata.<br>-\u00bfTen\u00e9s un buen recuerdo de Maradona?<br>-S\u00ed, todo bien\u2026<\/p>\n\n\n\n<p>Por: Pablo Mascare\u00f1o Fuente: La Naci\u00f3n<\/p>\n","protected":false},"excerpt":{"rendered":"<p>El jamaiquino contin\u00faa viviendo en condici\u00f3n de calle y fue entrevistado por La Naci\u00f3n. Sostiene que su dinero sigue retenido por los bancos y asegura querer desarrollar el proyecto Disney en San Pedro.\u00a0\u00a0 Est\u00e1&nbsp;vestido con un traje azul, pa\u00f1uelo sobresaliendo del bolsillo, medias al tono, remera blanca y zapatos marrones en buen estado de conservaci\u00f3n. [&hellip;]<\/p>\n","protected":false},"author":4,"featured_media":95750,"comment_status":"open","ping_status":"closed","sticky":false,"template":"","format":"standard","meta":{"om_disable_all_campaigns":false,"_jetpack_memberships_contains_paid_content":false,"footnotes":""},"categories":[50,101,2],"tags":[],"class_list":["post-95745","post","type-post","status-publish","format-standard","has-post-thumbnail","hentry","category-destacadas","category-interes-general-locales","category-locales"],"aioseo_notices":[],"gutentor_comment":0,"jetpack_featured_media_url":"https:\/\/eldiariodesanpedro.com.ar\/sitio\/wp-content\/uploads\/2021\/07\/000092456.jpg","jetpack_shortlink":"https:\/\/wp.me\/p6RhLt-oUh","jetpack_sharing_enabled":true,"_links":{"self":[{"href":"https:\/\/eldiariodesanpedro.com.ar\/sitio\/wp-json\/wp\/v2\/posts\/95745","targetHints":{"allow":["GET"]}}],"collection":[{"href":"https:\/\/eldiariodesanpedro.com.ar\/sitio\/wp-json\/wp\/v2\/posts"}],"about":[{"href":"https:\/\/eldiariodesanpedro.com.ar\/sitio\/wp-json\/wp\/v2\/types\/post"}],"author":[{"embeddable":true,"href":"https:\/\/eldiariodesanpedro.com.ar\/sitio\/wp-json\/wp\/v2\/users\/4"}],"replies":[{"embeddable":true,"href":"https:\/\/eldiariodesanpedro.com.ar\/sitio\/wp-json\/wp\/v2\/comments?post=95745"}],"version-history":[{"count":1,"href":"https:\/\/eldiariodesanpedro.com.ar\/sitio\/wp-json\/wp\/v2\/posts\/95745\/revisions"}],"predecessor-version":[{"id":95751,"href":"https:\/\/eldiariodesanpedro.com.ar\/sitio\/wp-json\/wp\/v2\/posts\/95745\/revisions\/95751"}],"wp:featuredmedia":[{"embeddable":true,"href":"https:\/\/eldiariodesanpedro.com.ar\/sitio\/wp-json\/wp\/v2\/media\/95750"}],"wp:attachment":[{"href":"https:\/\/eldiariodesanpedro.com.ar\/sitio\/wp-json\/wp\/v2\/media?parent=95745"}],"wp:term":[{"taxonomy":"category","embeddable":true,"href":"https:\/\/eldiariodesanpedro.com.ar\/sitio\/wp-json\/wp\/v2\/categories?post=95745"},{"taxonomy":"post_tag","embeddable":true,"href":"https:\/\/eldiariodesanpedro.com.ar\/sitio\/wp-json\/wp\/v2\/tags?post=95745"}],"curies":[{"name":"wp","href":"https:\/\/api.w.org\/{rel}","templated":true}]}}