{"id":95740,"date":"2021-07-14T19:24:08","date_gmt":"2021-07-14T22:24:08","guid":{"rendered":"https:\/\/eldiariodesanpedro.com.ar\/sitio\/?p=95740"},"modified":"2021-07-14T19:24:12","modified_gmt":"2021-07-14T22:24:12","slug":"visita-al-enacom-por-mejoras-en-conectividad-de-internet-y-telefonia-celular","status":"publish","type":"post","link":"https:\/\/eldiariodesanpedro.com.ar\/sitio\/visita-al-enacom-por-mejoras-en-conectividad-de-internet-y-telefonia-celular\/","title":{"rendered":"Visita al ENACOM por mejoras en conectividad de internet y telefon\u00eda celular"},"content":{"rendered":"<!-- VideographyWP Plugin Message: Automatic video embedding prevented by plugin options. -->\n\n<p>En la ma\u00f1ana de hoy, el vicepresidente del Ente Nacional de Comunicaciones (ENACOM) Gustavo L\u00f3pez y el jefe de asesores de la vicepresidencia Daniel Siciliano, recibieron al Intendente Municipal Cecilio Salazar, quien junto al Director de Modernizaci\u00f3n Hern\u00e1n Contreras y al referente de la Concertaci\u00f3n Forja a nivel local Dar\u00edo Barrios, mantuvieron una nueva reuni\u00f3n para realizar el seguimiento al proyecto ya presentado para avanzar con la conectividad de internet v\u00eda fibra \u00f3ptica para 17 barrios populares del Partido de San Pedro.<\/p>\n\n\n\n<p>Este registro funciona en la \u00f3rbita del Ministerio de Desarrollo Social a trav\u00e9s de la Secretar\u00eda de Integraci\u00f3n Socio Urbana. Con la documentaci\u00f3n presentada, los vecinos de las zonas incluidas en el proyecto podr\u00e1n acceder a estos servicios con tarifas bonificadas para facilitar su inclusi\u00f3n en el sistema.<\/p>\n\n\n\n<p>En el encuentro los funcionarios repasaron la situaci\u00f3n en materia de acceso a redes tanto de internet como de telefon\u00eda celular en San Pedro y establecieron como objetivo trabajar en la mejora de la conectividad en general y particularmente en la localidad de Vuelta de Obligado donde se interceder\u00e1 para ampliar los servicios de 4G, en el marco del plan \u201cTurismo Emergente\u201d, adem\u00e1s de ampliar la oferta de servicios para los prestadores tur\u00edsticos y los visitantes.<\/p>\n\n\n\n<p>El ENACOM fortalece alianzas estrat\u00e9gicas y establece acuerdos de cooperaci\u00f3n con organismos e instituciones nacionales con el fin de avanzar en soluciones comunes para garantizar el acceso a las tecnolog\u00edas de la informaci\u00f3n y la comunicaci\u00f3n (TIC) para expandir el desarrollo tecnol\u00f3gico, econ\u00f3mico, profesional, y promover la ciudadan\u00eda.<\/p>\n\n\n\n<figure class=\"wp-block-image size-large\"><img decoding=\"async\" width=\"1024\" height=\"768\" data-attachment-id=\"95743\" data-permalink=\"https:\/\/eldiariodesanpedro.com.ar\/sitio\/visita-al-enacom-por-mejoras-en-conectividad-de-internet-y-telefonia-celular\/whatsapp-image-2021-07-14-at-18-27-14-1\/\" data-orig-file=\"https:\/\/eldiariodesanpedro.com.ar\/sitio\/wp-content\/uploads\/2021\/07\/WhatsApp-Image-2021-07-14-at-18.27.14-1.jpeg\" data-orig-size=\"1600,1200\" data-comments-opened=\"1\" data-image-meta=\"{&quot;aperture&quot;:&quot;0&quot;,&quot;credit&quot;:&quot;&quot;,&quot;camera&quot;:&quot;&quot;,&quot;caption&quot;:&quot;&quot;,&quot;created_timestamp&quot;:&quot;0&quot;,&quot;copyright&quot;:&quot;&quot;,&quot;focal_length&quot;:&quot;0&quot;,&quot;iso&quot;:&quot;0&quot;,&quot;shutter_speed&quot;:&quot;0&quot;,&quot;title&quot;:&quot;&quot;,&quot;orientation&quot;:&quot;0&quot;}\" data-image-title=\"WhatsApp Image 2021-07-14 at 18.27.14 (1)\" data-image-description=\"\" data-image-caption=\"\" data-large-file=\"https:\/\/eldiariodesanpedro.com.ar\/sitio\/wp-content\/uploads\/2021\/07\/WhatsApp-Image-2021-07-14-at-18.27.14-1-1024x768.jpeg\" data-src=\"https:\/\/eldiariodesanpedro.com.ar\/sitio\/wp-content\/uploads\/2021\/07\/WhatsApp-Image-2021-07-14-at-18.27.14-1-1024x768.jpeg\" alt=\"\" class=\"wp-image-95743 lazyload\" data-srcset=\"https:\/\/eldiariodesanpedro.com.ar\/sitio\/wp-content\/uploads\/2021\/07\/WhatsApp-Image-2021-07-14-at-18.27.14-1-1024x768.jpeg 1024w, https:\/\/eldiariodesanpedro.com.ar\/sitio\/wp-content\/uploads\/2021\/07\/WhatsApp-Image-2021-07-14-at-18.27.14-1-300x225.jpeg 300w, https:\/\/eldiariodesanpedro.com.ar\/sitio\/wp-content\/uploads\/2021\/07\/WhatsApp-Image-2021-07-14-at-18.27.14-1-768x576.jpeg 768w, https:\/\/eldiariodesanpedro.com.ar\/sitio\/wp-content\/uploads\/2021\/07\/WhatsApp-Image-2021-07-14-at-18.27.14-1-1536x1152.jpeg 1536w, https:\/\/eldiariodesanpedro.com.ar\/sitio\/wp-content\/uploads\/2021\/07\/WhatsApp-Image-2021-07-14-at-18.27.14-1-500x375.jpeg 500w, https:\/\/eldiariodesanpedro.com.ar\/sitio\/wp-content\/uploads\/2021\/07\/WhatsApp-Image-2021-07-14-at-18.27.14-1.jpeg 1600w\" data-sizes=\"(max-width: 1024px) 100vw, 1024px\" src=\"data:image\/svg+xml;base64,PHN2ZyB3aWR0aD0iMSIgaGVpZ2h0PSIxIiB4bWxucz0iaHR0cDovL3d3dy53My5vcmcvMjAwMC9zdmciPjwvc3ZnPg==\" style=\"--smush-placeholder-width: 1024px; --smush-placeholder-aspect-ratio: 1024\/768;\" \/><\/figure>\n","protected":false},"excerpt":{"rendered":"<p>En la ma\u00f1ana de hoy, el vicepresidente del Ente Nacional de Comunicaciones (ENACOM) Gustavo L\u00f3pez y el jefe de asesores de la vicepresidencia Daniel Siciliano, recibieron al Intendente Municipal Cecilio Salazar, quien junto al Director de Modernizaci\u00f3n Hern\u00e1n Contreras y al referente de la Concertaci\u00f3n Forja a nivel local Dar\u00edo Barrios, mantuvieron una nueva reuni\u00f3n [&hellip;]<\/p>\n","protected":false},"author":4,"featured_media":95742,"comment_status":"open","ping_status":"closed","sticky":false,"template":"","format":"standard","meta":{"om_disable_all_campaigns":false,"_jetpack_memberships_contains_paid_content":false,"footnotes":""},"categories":[101,2],"tags":[],"class_list":["post-95740","post","type-post","status-publish","format-standard","has-post-thumbnail","hentry","category-interes-general-locales","category-locales"],"aioseo_notices":[],"gutentor_comment":0,"jetpack_featured_media_url":"https:\/\/eldiariodesanpedro.com.ar\/sitio\/wp-content\/uploads\/2021\/07\/WhatsApp-Image-2021-07-14-at-18.27.14.jpeg","jetpack_shortlink":"https:\/\/wp.me\/p6RhLt-oUc","jetpack_sharing_enabled":true,"_links":{"self":[{"href":"https:\/\/eldiariodesanpedro.com.ar\/sitio\/wp-json\/wp\/v2\/posts\/95740","targetHints":{"allow":["GET"]}}],"collection":[{"href":"https:\/\/eldiariodesanpedro.com.ar\/sitio\/wp-json\/wp\/v2\/posts"}],"about":[{"href":"https:\/\/eldiariodesanpedro.com.ar\/sitio\/wp-json\/wp\/v2\/types\/post"}],"author":[{"embeddable":true,"href":"https:\/\/eldiariodesanpedro.com.ar\/sitio\/wp-json\/wp\/v2\/users\/4"}],"replies":[{"embeddable":true,"href":"https:\/\/eldiariodesanpedro.com.ar\/sitio\/wp-json\/wp\/v2\/comments?post=95740"}],"version-history":[{"count":1,"href":"https:\/\/eldiariodesanpedro.com.ar\/sitio\/wp-json\/wp\/v2\/posts\/95740\/revisions"}],"predecessor-version":[{"id":95744,"href":"https:\/\/eldiariodesanpedro.com.ar\/sitio\/wp-json\/wp\/v2\/posts\/95740\/revisions\/95744"}],"wp:featuredmedia":[{"embeddable":true,"href":"https:\/\/eldiariodesanpedro.com.ar\/sitio\/wp-json\/wp\/v2\/media\/95742"}],"wp:attachment":[{"href":"https:\/\/eldiariodesanpedro.com.ar\/sitio\/wp-json\/wp\/v2\/media?parent=95740"}],"wp:term":[{"taxonomy":"category","embeddable":true,"href":"https:\/\/eldiariodesanpedro.com.ar\/sitio\/wp-json\/wp\/v2\/categories?post=95740"},{"taxonomy":"post_tag","embeddable":true,"href":"https:\/\/eldiariodesanpedro.com.ar\/sitio\/wp-json\/wp\/v2\/tags?post=95740"}],"curies":[{"name":"wp","href":"https:\/\/api.w.org\/{rel}","templated":true}]}}