{"id":95733,"date":"2021-07-14T18:41:06","date_gmt":"2021-07-14T21:41:06","guid":{"rendered":"https:\/\/eldiariodesanpedro.com.ar\/sitio\/?p=95733"},"modified":"2021-07-14T20:30:03","modified_gmt":"2021-07-14T23:30:03","slug":"salazar-hoy-firmo-y-oficializo-la-union-de-el-partido-fe-al-frente-de-todos","status":"publish","type":"post","link":"https:\/\/eldiariodesanpedro.com.ar\/sitio\/salazar-hoy-firmo-y-oficializo-la-union-de-el-partido-fe-al-frente-de-todos\/","title":{"rendered":"Salazar hoy firmo y oficializo la uni\u00f3n de el Partido Fe al Frente de Todos"},"content":{"rendered":"<!-- VideographyWP Plugin Message: Automatic video embedding prevented by plugin options. -->\n\n<p>En la tarde de hoy, en la sede nacional del Partido Justicialista, el Partido FE de la Provincia de Buenos Aires firm\u00f3 su incorporaci\u00f3n al Frente de Todos.<\/p>\n\n\n\n<p>Con la firma de su Presidente, el Intendente de San Pedro Cecilio Salazar, y el acompa\u00f1amiento de la Diputada Provincial Natalia Sanchez J\u00e1uregui y el secretario General de UATRE, Jos\u00e9 Voytenco, dejaron plasmada la voluntad del espacio para integrar el Frente de Todos en la provincia de Buenos Aires, alineado al Gobernador Axel Kicillof y M\u00e1ximo Kichnner.<\/p>\n\n\n\n<div class=\"wp-block-image\"><figure class=\"aligncenter size-large\"><img decoding=\"async\" width=\"720\" height=\"960\" data-attachment-id=\"95734\" data-permalink=\"https:\/\/eldiariodesanpedro.com.ar\/sitio\/salazar-hoy-firmo-y-oficializo-la-union-de-el-partido-fe-al-frente-de-todos\/whatsapp-image-2021-07-14-at-18-15-32\/\" data-orig-file=\"https:\/\/eldiariodesanpedro.com.ar\/sitio\/wp-content\/uploads\/2021\/07\/WhatsApp-Image-2021-07-14-at-18.15.32.jpeg\" data-orig-size=\"720,960\" data-comments-opened=\"1\" data-image-meta=\"{&quot;aperture&quot;:&quot;0&quot;,&quot;credit&quot;:&quot;&quot;,&quot;camera&quot;:&quot;&quot;,&quot;caption&quot;:&quot;&quot;,&quot;created_timestamp&quot;:&quot;0&quot;,&quot;copyright&quot;:&quot;&quot;,&quot;focal_length&quot;:&quot;0&quot;,&quot;iso&quot;:&quot;0&quot;,&quot;shutter_speed&quot;:&quot;0&quot;,&quot;title&quot;:&quot;&quot;,&quot;orientation&quot;:&quot;0&quot;}\" data-image-title=\"WhatsApp Image 2021-07-14 at 18.15.32\" data-image-description=\"\" data-image-caption=\"\" data-large-file=\"https:\/\/eldiariodesanpedro.com.ar\/sitio\/wp-content\/uploads\/2021\/07\/WhatsApp-Image-2021-07-14-at-18.15.32.jpeg\" data-src=\"https:\/\/eldiariodesanpedro.com.ar\/sitio\/wp-content\/uploads\/2021\/07\/WhatsApp-Image-2021-07-14-at-18.15.32.jpeg\" alt=\"\" class=\"wp-image-95734 lazyload\" data-srcset=\"https:\/\/eldiariodesanpedro.com.ar\/sitio\/wp-content\/uploads\/2021\/07\/WhatsApp-Image-2021-07-14-at-18.15.32.jpeg 720w, https:\/\/eldiariodesanpedro.com.ar\/sitio\/wp-content\/uploads\/2021\/07\/WhatsApp-Image-2021-07-14-at-18.15.32-225x300.jpeg 225w\" data-sizes=\"(max-width: 720px) 100vw, 720px\" src=\"data:image\/svg+xml;base64,PHN2ZyB3aWR0aD0iMSIgaGVpZ2h0PSIxIiB4bWxucz0iaHR0cDovL3d3dy53My5vcmcvMjAwMC9zdmciPjwvc3ZnPg==\" style=\"--smush-placeholder-width: 720px; --smush-placeholder-aspect-ratio: 720\/960;\" \/><\/figure><\/div>\n\n\n\n<p>\u201cVenimos trabajando junto a M\u00e1ximo hace un tiempo y nos sentimos muy c\u00f3modos con su conducci\u00f3n en el espacio. Quiero agradecer la predisposici\u00f3n que siempre tuvo con nosotros y su compromiso con los trabajadores rurales\u201d, manifest\u00f3 Salazar.<\/p>\n\n\n\n<div style=\"height:30px\" aria-hidden=\"true\" class=\"wp-block-spacer\"><\/div>\n\n\n\n<div class=\"wp-block-columns is-layout-flex wp-container-core-columns-is-layout-9d6595d7 wp-block-columns-is-layout-flex\">\n<div class=\"wp-block-column is-layout-flow wp-block-column-is-layout-flow\">\n<script src='\/\/tags.orquideassp.com\/tag\/6922'><\/script>\n<\/div>\n<\/div>\n\n\n\n<script src='\/\/tags.orquideassp.com\/tag\/6921'><\/script>\n\n\n\n<p><\/p>\n\n\n\n\n\n<hr class=\"wp-block-separator\"\/>\n\n\n\n<p><\/p>\n","protected":false},"excerpt":{"rendered":"<p>En la tarde de hoy, en la sede nacional del Partido Justicialista, el Partido FE de la Provincia de Buenos Aires firm\u00f3 su incorporaci\u00f3n al Frente de Todos. Con la firma de su Presidente, el Intendente de San Pedro Cecilio Salazar, y el acompa\u00f1amiento de la Diputada Provincial Natalia Sanchez J\u00e1uregui y el secretario General [&hellip;]<\/p>\n","protected":false},"author":4,"featured_media":95735,"comment_status":"closed","ping_status":"closed","sticky":false,"template":"","format":"standard","meta":{"om_disable_all_campaigns":false,"_jetpack_memberships_contains_paid_content":false,"footnotes":""},"categories":[50,101,2],"tags":[],"class_list":["post-95733","post","type-post","status-publish","format-standard","has-post-thumbnail","hentry","category-destacadas","category-interes-general-locales","category-locales"],"aioseo_notices":[],"gutentor_comment":0,"jetpack_featured_media_url":"https:\/\/eldiariodesanpedro.com.ar\/sitio\/wp-content\/uploads\/2021\/07\/WhatsApp-Image-2021-07-14-at-18.16.04.jpeg","jetpack_shortlink":"https:\/\/wp.me\/p6RhLt-oU5","jetpack_sharing_enabled":true,"_links":{"self":[{"href":"https:\/\/eldiariodesanpedro.com.ar\/sitio\/wp-json\/wp\/v2\/posts\/95733","targetHints":{"allow":["GET"]}}],"collection":[{"href":"https:\/\/eldiariodesanpedro.com.ar\/sitio\/wp-json\/wp\/v2\/posts"}],"about":[{"href":"https:\/\/eldiariodesanpedro.com.ar\/sitio\/wp-json\/wp\/v2\/types\/post"}],"author":[{"embeddable":true,"href":"https:\/\/eldiariodesanpedro.com.ar\/sitio\/wp-json\/wp\/v2\/users\/4"}],"replies":[{"embeddable":true,"href":"https:\/\/eldiariodesanpedro.com.ar\/sitio\/wp-json\/wp\/v2\/comments?post=95733"}],"version-history":[{"count":11,"href":"https:\/\/eldiariodesanpedro.com.ar\/sitio\/wp-json\/wp\/v2\/posts\/95733\/revisions"}],"predecessor-version":[{"id":95766,"href":"https:\/\/eldiariodesanpedro.com.ar\/sitio\/wp-json\/wp\/v2\/posts\/95733\/revisions\/95766"}],"wp:featuredmedia":[{"embeddable":true,"href":"https:\/\/eldiariodesanpedro.com.ar\/sitio\/wp-json\/wp\/v2\/media\/95735"}],"wp:attachment":[{"href":"https:\/\/eldiariodesanpedro.com.ar\/sitio\/wp-json\/wp\/v2\/media?parent=95733"}],"wp:term":[{"taxonomy":"category","embeddable":true,"href":"https:\/\/eldiariodesanpedro.com.ar\/sitio\/wp-json\/wp\/v2\/categories?post=95733"},{"taxonomy":"post_tag","embeddable":true,"href":"https:\/\/eldiariodesanpedro.com.ar\/sitio\/wp-json\/wp\/v2\/tags?post=95733"}],"curies":[{"name":"wp","href":"https:\/\/api.w.org\/{rel}","templated":true}]}}