{"id":95728,"date":"2021-07-14T13:32:23","date_gmt":"2021-07-14T16:32:23","guid":{"rendered":"https:\/\/eldiariodesanpedro.com.ar\/sitio\/?p=95728"},"modified":"2021-07-14T13:34:11","modified_gmt":"2021-07-14T16:34:11","slug":"impactante-accidente-quedo-registrado-por-camara-de-seguridad","status":"publish","type":"post","link":"https:\/\/eldiariodesanpedro.com.ar\/sitio\/impactante-accidente-quedo-registrado-por-camara-de-seguridad\/","title":{"rendered":"Impactante accidente quedo registrado por c\u00e1mara de seguridad"},"content":{"rendered":"<!-- VideographyWP Plugin Message: Automatic video embedding prevented by plugin options. -->\n\n<p>El hecho tuvo lugar en la madrugada de este lunes en la esquina de Rivadavia y Pav\u00f3n. donde una motocicleta es impactada por un camioneta.\u00a0 <\/p>\n\n\n\n<p>Seg\u00fan inform\u00f3 la polic\u00eda de nuestra ciudad el hecho hab\u00eda ocurrido en la madrugada del lunes cercanas la hora 2, cuando una camioneta Volkswagen Saveiro conducido por un joven de 22 a\u00f1os de edad impacta a una motocicleta en la que circulaba otro joven de 27 a\u00f1os de edad.<\/p>\n\n\n\n<p>Afortunadamente a pesar de lo impresionante de las im\u00e1genes el conductor de la moto fue trasladado por el SAME  sin sufrir heridas de consideraci\u00f3n por lo que fue dado de alta el mismo d\u00eda.<\/p>\n\n\n\n<p>Por su parte el conductor de la camioneta no sufri\u00f3 heridas, y por lo que se ve en las im\u00e1genes en un primer momento pareciera que se estaba por dar a la fuga y decidi\u00f3 a frenar.<\/p>\n\n\n\n<iframe data-src=\"https:\/\/www.facebook.com\/plugins\/video.php?height=314&#038;href=https%3A%2F%2Fwww.facebook.com%2Feldiario.desanpedro%2Fvideos%2F355655889295866%2F&#038;show_text=false&#038;width=560&#038;t=0\" width=\"560\" height=\"314\" style=\"border:none;overflow:hidden\" scrolling=\"no\" frameborder=\"0\" allowfullscreen=\"true\" allow=\"autoplay; clipboard-write; encrypted-media; picture-in-picture; web-share\" allowFullScreen=\"true\" src=\"data:image\/svg+xml;base64,PHN2ZyB3aWR0aD0iMSIgaGVpZ2h0PSIxIiB4bWxucz0iaHR0cDovL3d3dy53My5vcmcvMjAwMC9zdmciPjwvc3ZnPg==\" class=\"lazyload\" data-load-mode=\"1\"><\/iframe>\n","protected":false},"excerpt":{"rendered":"<p>El hecho tuvo lugar en la madrugada de este lunes en la esquina de Rivadavia y Pav\u00f3n. donde una motocicleta es impactada por un camioneta.\u00a0 Seg\u00fan inform\u00f3 la polic\u00eda de nuestra ciudad el hecho hab\u00eda ocurrido en la madrugada del lunes cercanas la hora 2, cuando una camioneta Volkswagen Saveiro conducido por un joven de [&hellip;]<\/p>\n","protected":false},"author":4,"featured_media":95729,"comment_status":"open","ping_status":"closed","sticky":false,"template":"","format":"standard","meta":{"om_disable_all_campaigns":false,"_jetpack_memberships_contains_paid_content":false,"footnotes":""},"categories":[50,2,103],"tags":[],"class_list":["post-95728","post","type-post","status-publish","format-standard","has-post-thumbnail","hentry","category-destacadas","category-locales","category-policiales-locales"],"aioseo_notices":[],"gutentor_comment":0,"jetpack_featured_media_url":"https:\/\/eldiariodesanpedro.com.ar\/sitio\/wp-content\/uploads\/2021\/07\/2021-07-14.png","jetpack_shortlink":"https:\/\/wp.me\/p6RhLt-oU0","jetpack_sharing_enabled":true,"_links":{"self":[{"href":"https:\/\/eldiariodesanpedro.com.ar\/sitio\/wp-json\/wp\/v2\/posts\/95728","targetHints":{"allow":["GET"]}}],"collection":[{"href":"https:\/\/eldiariodesanpedro.com.ar\/sitio\/wp-json\/wp\/v2\/posts"}],"about":[{"href":"https:\/\/eldiariodesanpedro.com.ar\/sitio\/wp-json\/wp\/v2\/types\/post"}],"author":[{"embeddable":true,"href":"https:\/\/eldiariodesanpedro.com.ar\/sitio\/wp-json\/wp\/v2\/users\/4"}],"replies":[{"embeddable":true,"href":"https:\/\/eldiariodesanpedro.com.ar\/sitio\/wp-json\/wp\/v2\/comments?post=95728"}],"version-history":[{"count":2,"href":"https:\/\/eldiariodesanpedro.com.ar\/sitio\/wp-json\/wp\/v2\/posts\/95728\/revisions"}],"predecessor-version":[{"id":95732,"href":"https:\/\/eldiariodesanpedro.com.ar\/sitio\/wp-json\/wp\/v2\/posts\/95728\/revisions\/95732"}],"wp:featuredmedia":[{"embeddable":true,"href":"https:\/\/eldiariodesanpedro.com.ar\/sitio\/wp-json\/wp\/v2\/media\/95729"}],"wp:attachment":[{"href":"https:\/\/eldiariodesanpedro.com.ar\/sitio\/wp-json\/wp\/v2\/media?parent=95728"}],"wp:term":[{"taxonomy":"category","embeddable":true,"href":"https:\/\/eldiariodesanpedro.com.ar\/sitio\/wp-json\/wp\/v2\/categories?post=95728"},{"taxonomy":"post_tag","embeddable":true,"href":"https:\/\/eldiariodesanpedro.com.ar\/sitio\/wp-json\/wp\/v2\/tags?post=95728"}],"curies":[{"name":"wp","href":"https:\/\/api.w.org\/{rel}","templated":true}]}}