{"id":95723,"date":"2021-07-14T12:00:54","date_gmt":"2021-07-14T15:00:54","guid":{"rendered":"https:\/\/eldiariodesanpedro.com.ar\/sitio\/?p=95723"},"modified":"2021-07-14T12:00:56","modified_gmt":"2021-07-14T15:00:56","slug":"una-moto-choco-con-un-automovil-cuando-llovia","status":"publish","type":"post","link":"https:\/\/eldiariodesanpedro.com.ar\/sitio\/una-moto-choco-con-un-automovil-cuando-llovia\/","title":{"rendered":"Una moto choco con un autom\u00f3vil cuando llov\u00eda"},"content":{"rendered":"<!-- VideographyWP Plugin Message: Automatic video embedding prevented by plugin options. -->\n\n<p>En la jornada de hoy en horas de la ma\u00f1ana mientras llov\u00eda colisionaron un autom\u00f3vil y una motocicleta siendo traslada una persona al nosocomio local.<\/p>\n\n\n\n<p>El siniestro tuvo lugar en la esquina de Caseros y Chivilcoy alrededor de las 10 horas, donde una motocicleta 110 cc en la que circulaba una mujer y un joven colisiono con un autom\u00f3vil  Renault Fluense conducido por un ciudadano.  <\/p>\n\n\n\n<p>Como consecuencia del siniestro la conductora de la motocicleta fue trasladada por el SAME al nosocomio local.<\/p>\n\n\n\n<figure class=\"wp-block-image size-large\"><img decoding=\"async\" width=\"1024\" height=\"497\" data-attachment-id=\"95725\" data-permalink=\"https:\/\/eldiariodesanpedro.com.ar\/sitio\/una-moto-choco-con-un-automovil-cuando-llovia\/whatsapp-image-2021-07-14-at-11-48-49\/\" data-orig-file=\"https:\/\/eldiariodesanpedro.com.ar\/sitio\/wp-content\/uploads\/2021\/07\/WhatsApp-Image-2021-07-14-at-11.48.49.jpeg\" data-orig-size=\"1600,777\" data-comments-opened=\"1\" data-image-meta=\"{&quot;aperture&quot;:&quot;0&quot;,&quot;credit&quot;:&quot;&quot;,&quot;camera&quot;:&quot;&quot;,&quot;caption&quot;:&quot;&quot;,&quot;created_timestamp&quot;:&quot;0&quot;,&quot;copyright&quot;:&quot;&quot;,&quot;focal_length&quot;:&quot;0&quot;,&quot;iso&quot;:&quot;0&quot;,&quot;shutter_speed&quot;:&quot;0&quot;,&quot;title&quot;:&quot;&quot;,&quot;orientation&quot;:&quot;0&quot;}\" data-image-title=\"WhatsApp Image 2021-07-14 at 11.48.49\" data-image-description=\"\" data-image-caption=\"\" data-large-file=\"https:\/\/eldiariodesanpedro.com.ar\/sitio\/wp-content\/uploads\/2021\/07\/WhatsApp-Image-2021-07-14-at-11.48.49-1024x497.jpeg\" data-src=\"https:\/\/eldiariodesanpedro.com.ar\/sitio\/wp-content\/uploads\/2021\/07\/WhatsApp-Image-2021-07-14-at-11.48.49-1024x497.jpeg\" alt=\"\" class=\"wp-image-95725 lazyload\" data-srcset=\"https:\/\/eldiariodesanpedro.com.ar\/sitio\/wp-content\/uploads\/2021\/07\/WhatsApp-Image-2021-07-14-at-11.48.49-1024x497.jpeg 1024w, https:\/\/eldiariodesanpedro.com.ar\/sitio\/wp-content\/uploads\/2021\/07\/WhatsApp-Image-2021-07-14-at-11.48.49-300x146.jpeg 300w, https:\/\/eldiariodesanpedro.com.ar\/sitio\/wp-content\/uploads\/2021\/07\/WhatsApp-Image-2021-07-14-at-11.48.49-768x373.jpeg 768w, https:\/\/eldiariodesanpedro.com.ar\/sitio\/wp-content\/uploads\/2021\/07\/WhatsApp-Image-2021-07-14-at-11.48.49-1536x746.jpeg 1536w, https:\/\/eldiariodesanpedro.com.ar\/sitio\/wp-content\/uploads\/2021\/07\/WhatsApp-Image-2021-07-14-at-11.48.49.jpeg 1600w\" data-sizes=\"(max-width: 1024px) 100vw, 1024px\" src=\"data:image\/svg+xml;base64,PHN2ZyB3aWR0aD0iMSIgaGVpZ2h0PSIxIiB4bWxucz0iaHR0cDovL3d3dy53My5vcmcvMjAwMC9zdmciPjwvc3ZnPg==\" style=\"--smush-placeholder-width: 1024px; --smush-placeholder-aspect-ratio: 1024\/497;\" \/><\/figure>\n","protected":false},"excerpt":{"rendered":"<p>En la jornada de hoy en horas de la ma\u00f1ana mientras llov\u00eda colisionaron un autom\u00f3vil y una motocicleta siendo traslada una persona al nosocomio local. El siniestro tuvo lugar en la esquina de Caseros y Chivilcoy alrededor de las 10 horas, donde una motocicleta 110 cc en la que circulaba una mujer y un joven [&hellip;]<\/p>\n","protected":false},"author":4,"featured_media":95724,"comment_status":"open","ping_status":"closed","sticky":false,"template":"","format":"standard","meta":{"om_disable_all_campaigns":false,"_jetpack_memberships_contains_paid_content":false,"footnotes":""},"categories":[2],"tags":[],"class_list":["post-95723","post","type-post","status-publish","format-standard","has-post-thumbnail","hentry","category-locales"],"aioseo_notices":[],"gutentor_comment":0,"jetpack_featured_media_url":"https:\/\/eldiariodesanpedro.com.ar\/sitio\/wp-content\/uploads\/2021\/07\/WhatsApp-Image-2021-07-14-at-11.48.49-1.jpeg","jetpack_shortlink":"https:\/\/wp.me\/p6RhLt-oTV","jetpack_sharing_enabled":true,"_links":{"self":[{"href":"https:\/\/eldiariodesanpedro.com.ar\/sitio\/wp-json\/wp\/v2\/posts\/95723","targetHints":{"allow":["GET"]}}],"collection":[{"href":"https:\/\/eldiariodesanpedro.com.ar\/sitio\/wp-json\/wp\/v2\/posts"}],"about":[{"href":"https:\/\/eldiariodesanpedro.com.ar\/sitio\/wp-json\/wp\/v2\/types\/post"}],"author":[{"embeddable":true,"href":"https:\/\/eldiariodesanpedro.com.ar\/sitio\/wp-json\/wp\/v2\/users\/4"}],"replies":[{"embeddable":true,"href":"https:\/\/eldiariodesanpedro.com.ar\/sitio\/wp-json\/wp\/v2\/comments?post=95723"}],"version-history":[{"count":1,"href":"https:\/\/eldiariodesanpedro.com.ar\/sitio\/wp-json\/wp\/v2\/posts\/95723\/revisions"}],"predecessor-version":[{"id":95726,"href":"https:\/\/eldiariodesanpedro.com.ar\/sitio\/wp-json\/wp\/v2\/posts\/95723\/revisions\/95726"}],"wp:featuredmedia":[{"embeddable":true,"href":"https:\/\/eldiariodesanpedro.com.ar\/sitio\/wp-json\/wp\/v2\/media\/95724"}],"wp:attachment":[{"href":"https:\/\/eldiariodesanpedro.com.ar\/sitio\/wp-json\/wp\/v2\/media?parent=95723"}],"wp:term":[{"taxonomy":"category","embeddable":true,"href":"https:\/\/eldiariodesanpedro.com.ar\/sitio\/wp-json\/wp\/v2\/categories?post=95723"},{"taxonomy":"post_tag","embeddable":true,"href":"https:\/\/eldiariodesanpedro.com.ar\/sitio\/wp-json\/wp\/v2\/tags?post=95723"}],"curies":[{"name":"wp","href":"https:\/\/api.w.org\/{rel}","templated":true}]}}