{"id":95711,"date":"2021-07-14T11:29:43","date_gmt":"2021-07-14T14:29:43","guid":{"rendered":"https:\/\/eldiariodesanpedro.com.ar\/sitio\/?p=95711"},"modified":"2021-07-14T11:39:27","modified_gmt":"2021-07-14T14:39:27","slug":"delincuente-entro-a-una-casa-y-fue-ahuyentado-por-la-propietaria","status":"publish","type":"post","link":"https:\/\/eldiariodesanpedro.com.ar\/sitio\/delincuente-entro-a-una-casa-y-fue-ahuyentado-por-la-propietaria\/","title":{"rendered":"Delincuente entro a una casa y fue ahuyentado por la propietaria"},"content":{"rendered":"<!-- VideographyWP Plugin Message: Automatic video embedding prevented by plugin options. -->\n\n<p>En la noche de ayer se realiz\u00f3 una denuncia en la dependencia policial por parte de una mujer de 27 a\u00f1os, que d\u00eda lunes momentos que se encontraba en su domicilio Uruguay al 2100, advierte que masculino intentaba ingresar a su vivienda y ante los gritos de la misma, se retira r\u00e1pidamente.&nbsp;<\/p>\n\n\n\n<p>Afortunadamente no hubo faltantes ni da\u00f1os.<\/p>\n","protected":false},"excerpt":{"rendered":"<p>En la noche de ayer se realiz\u00f3 una denuncia en la dependencia policial por parte de una mujer de 27 a\u00f1os, que d\u00eda lunes momentos que se encontraba en su domicilio Uruguay al 2100, advierte que masculino intentaba ingresar a su vivienda y ante los gritos de la misma, se retira r\u00e1pidamente.&nbsp; Afortunadamente no hubo [&hellip;]<\/p>\n","protected":false},"author":4,"featured_media":95712,"comment_status":"open","ping_status":"closed","sticky":false,"template":"","format":"standard","meta":{"om_disable_all_campaigns":false,"_jetpack_memberships_contains_paid_content":false,"footnotes":""},"categories":[2,103],"tags":[],"class_list":["post-95711","post","type-post","status-publish","format-standard","has-post-thumbnail","hentry","category-locales","category-policiales-locales"],"aioseo_notices":[],"gutentor_comment":0,"jetpack_featured_media_url":"https:\/\/eldiariodesanpedro.com.ar\/sitio\/wp-content\/uploads\/2021\/07\/ladrones-kRII-U9038590185e7F-624x385@El-Correo.jpg","jetpack_shortlink":"https:\/\/wp.me\/p6RhLt-oTJ","jetpack_sharing_enabled":true,"_links":{"self":[{"href":"https:\/\/eldiariodesanpedro.com.ar\/sitio\/wp-json\/wp\/v2\/posts\/95711","targetHints":{"allow":["GET"]}}],"collection":[{"href":"https:\/\/eldiariodesanpedro.com.ar\/sitio\/wp-json\/wp\/v2\/posts"}],"about":[{"href":"https:\/\/eldiariodesanpedro.com.ar\/sitio\/wp-json\/wp\/v2\/types\/post"}],"author":[{"embeddable":true,"href":"https:\/\/eldiariodesanpedro.com.ar\/sitio\/wp-json\/wp\/v2\/users\/4"}],"replies":[{"embeddable":true,"href":"https:\/\/eldiariodesanpedro.com.ar\/sitio\/wp-json\/wp\/v2\/comments?post=95711"}],"version-history":[{"count":2,"href":"https:\/\/eldiariodesanpedro.com.ar\/sitio\/wp-json\/wp\/v2\/posts\/95711\/revisions"}],"predecessor-version":[{"id":95717,"href":"https:\/\/eldiariodesanpedro.com.ar\/sitio\/wp-json\/wp\/v2\/posts\/95711\/revisions\/95717"}],"wp:featuredmedia":[{"embeddable":true,"href":"https:\/\/eldiariodesanpedro.com.ar\/sitio\/wp-json\/wp\/v2\/media\/95712"}],"wp:attachment":[{"href":"https:\/\/eldiariodesanpedro.com.ar\/sitio\/wp-json\/wp\/v2\/media?parent=95711"}],"wp:term":[{"taxonomy":"category","embeddable":true,"href":"https:\/\/eldiariodesanpedro.com.ar\/sitio\/wp-json\/wp\/v2\/categories?post=95711"},{"taxonomy":"post_tag","embeddable":true,"href":"https:\/\/eldiariodesanpedro.com.ar\/sitio\/wp-json\/wp\/v2\/tags?post=95711"}],"curies":[{"name":"wp","href":"https:\/\/api.w.org\/{rel}","templated":true}]}}