{"id":95708,"date":"2021-07-14T11:25:45","date_gmt":"2021-07-14T14:25:45","guid":{"rendered":"https:\/\/eldiariodesanpedro.com.ar\/sitio\/?p=95708"},"modified":"2021-07-14T11:25:47","modified_gmt":"2021-07-14T14:25:47","slug":"un-vendedor-ambulante-le-pidio-agua-y-le-termino-robando-el-celular","status":"publish","type":"post","link":"https:\/\/eldiariodesanpedro.com.ar\/sitio\/un-vendedor-ambulante-le-pidio-agua-y-le-termino-robando-el-celular\/","title":{"rendered":"Un vendedor ambulante le pidi\u00f3 agua y le termino robando el celular"},"content":{"rendered":"<!-- VideographyWP Plugin Message: Automatic video embedding prevented by plugin options. -->\n\n<p>En la noche de ayer martes un ciudadano de 52 a\u00f1os se acerc\u00f3 hasta la comisar\u00eda local para realizar una denuncia informando que momento que se encontraba en vereda de su domicilio calle Riobamba al 600, vendedor ambulante le solicita vaso de agua al ir en buscar, y al regresar vendedor ambulante ya no se encontraba, y al igual que tampoco su celular que estaba arriba de tapial.<\/p>\n","protected":false},"excerpt":{"rendered":"<p>En la noche de ayer martes un ciudadano de 52 a\u00f1os se acerc\u00f3 hasta la comisar\u00eda local para realizar una denuncia informando que momento que se encontraba en vereda de su domicilio calle Riobamba al 600, vendedor ambulante le solicita vaso de agua al ir en buscar, y al regresar vendedor ambulante ya no se [&hellip;]<\/p>\n","protected":false},"author":4,"featured_media":95709,"comment_status":"open","ping_status":"closed","sticky":false,"template":"","format":"standard","meta":{"om_disable_all_campaigns":false,"_jetpack_memberships_contains_paid_content":false,"footnotes":""},"categories":[2,103],"tags":[],"class_list":["post-95708","post","type-post","status-publish","format-standard","has-post-thumbnail","hentry","category-locales","category-policiales-locales"],"aioseo_notices":[],"gutentor_comment":0,"jetpack_featured_media_url":"https:\/\/eldiariodesanpedro.com.ar\/sitio\/wp-content\/uploads\/2021\/07\/15017.jpg","jetpack_shortlink":"https:\/\/wp.me\/p6RhLt-oTG","jetpack_sharing_enabled":true,"_links":{"self":[{"href":"https:\/\/eldiariodesanpedro.com.ar\/sitio\/wp-json\/wp\/v2\/posts\/95708","targetHints":{"allow":["GET"]}}],"collection":[{"href":"https:\/\/eldiariodesanpedro.com.ar\/sitio\/wp-json\/wp\/v2\/posts"}],"about":[{"href":"https:\/\/eldiariodesanpedro.com.ar\/sitio\/wp-json\/wp\/v2\/types\/post"}],"author":[{"embeddable":true,"href":"https:\/\/eldiariodesanpedro.com.ar\/sitio\/wp-json\/wp\/v2\/users\/4"}],"replies":[{"embeddable":true,"href":"https:\/\/eldiariodesanpedro.com.ar\/sitio\/wp-json\/wp\/v2\/comments?post=95708"}],"version-history":[{"count":1,"href":"https:\/\/eldiariodesanpedro.com.ar\/sitio\/wp-json\/wp\/v2\/posts\/95708\/revisions"}],"predecessor-version":[{"id":95710,"href":"https:\/\/eldiariodesanpedro.com.ar\/sitio\/wp-json\/wp\/v2\/posts\/95708\/revisions\/95710"}],"wp:featuredmedia":[{"embeddable":true,"href":"https:\/\/eldiariodesanpedro.com.ar\/sitio\/wp-json\/wp\/v2\/media\/95709"}],"wp:attachment":[{"href":"https:\/\/eldiariodesanpedro.com.ar\/sitio\/wp-json\/wp\/v2\/media?parent=95708"}],"wp:term":[{"taxonomy":"category","embeddable":true,"href":"https:\/\/eldiariodesanpedro.com.ar\/sitio\/wp-json\/wp\/v2\/categories?post=95708"},{"taxonomy":"post_tag","embeddable":true,"href":"https:\/\/eldiariodesanpedro.com.ar\/sitio\/wp-json\/wp\/v2\/tags?post=95708"}],"curies":[{"name":"wp","href":"https:\/\/api.w.org\/{rel}","templated":true}]}}