{"id":95699,"date":"2021-07-14T11:05:25","date_gmt":"2021-07-14T14:05:25","guid":{"rendered":"https:\/\/eldiariodesanpedro.com.ar\/sitio\/?p=95699"},"modified":"2021-07-14T11:05:27","modified_gmt":"2021-07-14T14:05:27","slug":"fernando-bravo-sera-distinguido-como-personalidad-destacada-de-la-cultura","status":"publish","type":"post","link":"https:\/\/eldiariodesanpedro.com.ar\/sitio\/fernando-bravo-sera-distinguido-como-personalidad-destacada-de-la-cultura\/","title":{"rendered":"Fernando Bravo ser\u00e1 distinguido como personalidad destacada de la cultura"},"content":{"rendered":"<!-- VideographyWP Plugin Message: Automatic video embedding prevented by plugin options. -->\n\n<p>Compartimos la alegr\u00eda y el orgullo de contarles que, en el d\u00eda de hoy el prestigioso locutor sampedrino Fernando Bravo ser\u00e1 distinguido como personalidad destacada en el \u00e1mbito de la cultura por la Legislatura de la Ciudad Aut\u00f3noma de Buenos Aires.<\/p>\n\n\n\n<p>La ceremonia en la que se le otorgar\u00e1 un diploma destacando su trayectoria y aporte cultural ser\u00e1 transmitida a las 11.00 hs por el canal de You Tube de la Legislatura \u00a8LegisCaba\u00a8.<\/p>\n\n\n\n<p>Los invitamos a quienes quieran verla hacerlo a trav\u00e9s del siguiente enlace: <a href=\"https:\/\/www.youtube.com\/user\/LegislaturaCABA\">https:\/\/www.youtube.com\/user\/LegislaturaCABA<\/a><\/p>\n","protected":false},"excerpt":{"rendered":"<p>Compartimos la alegr\u00eda y el orgullo de contarles que, en el d\u00eda de hoy el prestigioso locutor sampedrino Fernando Bravo ser\u00e1 distinguido como personalidad destacada en el \u00e1mbito de la cultura por la Legislatura de la Ciudad Aut\u00f3noma de Buenos Aires. La ceremonia en la que se le otorgar\u00e1 un diploma destacando su trayectoria y [&hellip;]<\/p>\n","protected":false},"author":4,"featured_media":95700,"comment_status":"open","ping_status":"closed","sticky":false,"template":"","format":"standard","meta":{"om_disable_all_campaigns":false,"_jetpack_memberships_contains_paid_content":false,"footnotes":""},"categories":[101,2],"tags":[],"class_list":["post-95699","post","type-post","status-publish","format-standard","has-post-thumbnail","hentry","category-interes-general-locales","category-locales"],"aioseo_notices":[],"gutentor_comment":0,"jetpack_featured_media_url":"https:\/\/eldiariodesanpedro.com.ar\/sitio\/wp-content\/uploads\/2021\/07\/J5IL3KN2XRHB3ICOO4BI3RGXSM.jpg","jetpack_shortlink":"https:\/\/wp.me\/p6RhLt-oTx","jetpack_sharing_enabled":true,"_links":{"self":[{"href":"https:\/\/eldiariodesanpedro.com.ar\/sitio\/wp-json\/wp\/v2\/posts\/95699","targetHints":{"allow":["GET"]}}],"collection":[{"href":"https:\/\/eldiariodesanpedro.com.ar\/sitio\/wp-json\/wp\/v2\/posts"}],"about":[{"href":"https:\/\/eldiariodesanpedro.com.ar\/sitio\/wp-json\/wp\/v2\/types\/post"}],"author":[{"embeddable":true,"href":"https:\/\/eldiariodesanpedro.com.ar\/sitio\/wp-json\/wp\/v2\/users\/4"}],"replies":[{"embeddable":true,"href":"https:\/\/eldiariodesanpedro.com.ar\/sitio\/wp-json\/wp\/v2\/comments?post=95699"}],"version-history":[{"count":1,"href":"https:\/\/eldiariodesanpedro.com.ar\/sitio\/wp-json\/wp\/v2\/posts\/95699\/revisions"}],"predecessor-version":[{"id":95701,"href":"https:\/\/eldiariodesanpedro.com.ar\/sitio\/wp-json\/wp\/v2\/posts\/95699\/revisions\/95701"}],"wp:featuredmedia":[{"embeddable":true,"href":"https:\/\/eldiariodesanpedro.com.ar\/sitio\/wp-json\/wp\/v2\/media\/95700"}],"wp:attachment":[{"href":"https:\/\/eldiariodesanpedro.com.ar\/sitio\/wp-json\/wp\/v2\/media?parent=95699"}],"wp:term":[{"taxonomy":"category","embeddable":true,"href":"https:\/\/eldiariodesanpedro.com.ar\/sitio\/wp-json\/wp\/v2\/categories?post=95699"},{"taxonomy":"post_tag","embeddable":true,"href":"https:\/\/eldiariodesanpedro.com.ar\/sitio\/wp-json\/wp\/v2\/tags?post=95699"}],"curies":[{"name":"wp","href":"https:\/\/api.w.org\/{rel}","templated":true}]}}