{"id":95684,"date":"2021-07-13T20:19:03","date_gmt":"2021-07-13T23:19:03","guid":{"rendered":"https:\/\/eldiariodesanpedro.com.ar\/sitio\/?p=95684"},"modified":"2021-07-13T20:19:20","modified_gmt":"2021-07-13T23:19:20","slug":"baradero-la-localidad-retrocedio-a-fase-3","status":"publish","type":"post","link":"https:\/\/eldiariodesanpedro.com.ar\/sitio\/baradero-la-localidad-retrocedio-a-fase-3\/","title":{"rendered":"BARADERO | La localidad retrocedi\u00f3 a Fase 3"},"content":{"rendered":"<!-- VideographyWP Plugin Message: Automatic video embedding prevented by plugin options. -->\n\n<p>La noticia fue confirmada en la conferencia de prensa semanal brindada por las autoridades de la Provincia de Buenos Aires. All\u00ed, el Jefe de Gabinete Carlos Bianco inform\u00f3 que Baradero retrocede de Fase 4 a Fase 3 por un peque\u00f1o rebrote en la cantidad de casos positivos de coronavirus.<\/p>\n","protected":false},"excerpt":{"rendered":"<p>La noticia fue confirmada en la conferencia de prensa semanal brindada por las autoridades de la Provincia de Buenos Aires. All\u00ed, el Jefe de Gabinete Carlos Bianco inform\u00f3 que Baradero retrocede de Fase 4 a Fase 3 por un peque\u00f1o rebrote en la cantidad de casos positivos de coronavirus.<\/p>\n","protected":false},"author":4,"featured_media":95685,"comment_status":"open","ping_status":"closed","sticky":false,"template":"","format":"standard","meta":{"om_disable_all_campaigns":false,"_jetpack_memberships_contains_paid_content":false,"footnotes":""},"categories":[621],"tags":[],"class_list":["post-95684","post","type-post","status-publish","format-standard","has-post-thumbnail","hentry","category-regionales"],"aioseo_notices":[],"gutentor_comment":0,"jetpack_featured_media_url":"https:\/\/eldiariodesanpedro.com.ar\/sitio\/wp-content\/uploads\/2021\/07\/retroceso-de-fase-13-7.png","jetpack_shortlink":"https:\/\/wp.me\/p6RhLt-oTi","jetpack_sharing_enabled":true,"_links":{"self":[{"href":"https:\/\/eldiariodesanpedro.com.ar\/sitio\/wp-json\/wp\/v2\/posts\/95684","targetHints":{"allow":["GET"]}}],"collection":[{"href":"https:\/\/eldiariodesanpedro.com.ar\/sitio\/wp-json\/wp\/v2\/posts"}],"about":[{"href":"https:\/\/eldiariodesanpedro.com.ar\/sitio\/wp-json\/wp\/v2\/types\/post"}],"author":[{"embeddable":true,"href":"https:\/\/eldiariodesanpedro.com.ar\/sitio\/wp-json\/wp\/v2\/users\/4"}],"replies":[{"embeddable":true,"href":"https:\/\/eldiariodesanpedro.com.ar\/sitio\/wp-json\/wp\/v2\/comments?post=95684"}],"version-history":[{"count":1,"href":"https:\/\/eldiariodesanpedro.com.ar\/sitio\/wp-json\/wp\/v2\/posts\/95684\/revisions"}],"predecessor-version":[{"id":95686,"href":"https:\/\/eldiariodesanpedro.com.ar\/sitio\/wp-json\/wp\/v2\/posts\/95684\/revisions\/95686"}],"wp:featuredmedia":[{"embeddable":true,"href":"https:\/\/eldiariodesanpedro.com.ar\/sitio\/wp-json\/wp\/v2\/media\/95685"}],"wp:attachment":[{"href":"https:\/\/eldiariodesanpedro.com.ar\/sitio\/wp-json\/wp\/v2\/media?parent=95684"}],"wp:term":[{"taxonomy":"category","embeddable":true,"href":"https:\/\/eldiariodesanpedro.com.ar\/sitio\/wp-json\/wp\/v2\/categories?post=95684"},{"taxonomy":"post_tag","embeddable":true,"href":"https:\/\/eldiariodesanpedro.com.ar\/sitio\/wp-json\/wp\/v2\/tags?post=95684"}],"curies":[{"name":"wp","href":"https:\/\/api.w.org\/{rel}","templated":true}]}}