{"id":95676,"date":"2021-07-13T19:51:46","date_gmt":"2021-07-13T22:51:46","guid":{"rendered":"https:\/\/eldiariodesanpedro.com.ar\/sitio\/?p=95676"},"modified":"2021-07-13T19:51:50","modified_gmt":"2021-07-13T22:51:50","slug":"edicto-de-sucesion-sepulcro-en-cementerio-de-baradero-de-francisco-rozas","status":"publish","type":"post","link":"https:\/\/eldiariodesanpedro.com.ar\/sitio\/edicto-de-sucesion-sepulcro-en-cementerio-de-baradero-de-francisco-rozas\/","title":{"rendered":"Edicto de Sucesi\u00f3n Sepulcro en Cementerio de Baradero de  Francisco Rozas"},"content":{"rendered":"<!-- VideographyWP Plugin Message: Automatic video embedding prevented by plugin options. -->\n\n<p><strong>Municipalidad de Baradero<\/strong> cita y emplaza por treinta (30) d\u00edas a quienes se consideren con derecho sobre sepulcro s\u00f3tano ubicado en Secci\u00f3n A Tabl\u00f3n 1 lote 13 que fuera arrendado por noventa y nueve a\u00f1os por <strong>Francisco Rozas<\/strong>, seg\u00fan libro 6 folio 119 del 21 de julio de 1949. Cta. 1900006028 MUNICID . Baradero, 30 de Junio de 2021.-<\/p>\n\n\n\n<p>DR. N\u00c9STOR GERM\u00c1N BRAILLARD<br>SUBSECRETARIO DE LEGAL Y T\u00c9CNICA\u00a0<\/p>\n","protected":false},"excerpt":{"rendered":"<p>Municipalidad de Baradero cita y emplaza por treinta (30) d\u00edas a quienes se consideren con derecho sobre sepulcro s\u00f3tano ubicado en Secci\u00f3n A Tabl\u00f3n 1 lote 13 que fuera arrendado por noventa y nueve a\u00f1os por Francisco Rozas, seg\u00fan libro 6 folio 119 del 21 de julio de 1949. Cta. 1900006028 MUNICID . Baradero, 30 [&hellip;]<\/p>\n","protected":false},"author":4,"featured_media":81115,"comment_status":"open","ping_status":"closed","sticky":false,"template":"","format":"standard","meta":{"om_disable_all_campaigns":false,"_jetpack_memberships_contains_paid_content":false,"footnotes":""},"categories":[676,1124],"tags":[2111,2274,2275],"class_list":["post-95676","post","type-post","status-publish","format-standard","has-post-thumbnail","hentry","category-edictos","category-edictos-especiales","tag-edicto-de-sucesion","tag-francisco-rozas","tag-sepulcro-en-cementerio-de-baradero"],"aioseo_notices":[],"gutentor_comment":0,"jetpack_featured_media_url":"https:\/\/eldiariodesanpedro.com.ar\/sitio\/wp-content\/uploads\/2020\/09\/Poder-Judicial.jpg","jetpack_shortlink":"https:\/\/wp.me\/p6RhLt-oTa","jetpack_sharing_enabled":true,"_links":{"self":[{"href":"https:\/\/eldiariodesanpedro.com.ar\/sitio\/wp-json\/wp\/v2\/posts\/95676","targetHints":{"allow":["GET"]}}],"collection":[{"href":"https:\/\/eldiariodesanpedro.com.ar\/sitio\/wp-json\/wp\/v2\/posts"}],"about":[{"href":"https:\/\/eldiariodesanpedro.com.ar\/sitio\/wp-json\/wp\/v2\/types\/post"}],"author":[{"embeddable":true,"href":"https:\/\/eldiariodesanpedro.com.ar\/sitio\/wp-json\/wp\/v2\/users\/4"}],"replies":[{"embeddable":true,"href":"https:\/\/eldiariodesanpedro.com.ar\/sitio\/wp-json\/wp\/v2\/comments?post=95676"}],"version-history":[{"count":1,"href":"https:\/\/eldiariodesanpedro.com.ar\/sitio\/wp-json\/wp\/v2\/posts\/95676\/revisions"}],"predecessor-version":[{"id":95677,"href":"https:\/\/eldiariodesanpedro.com.ar\/sitio\/wp-json\/wp\/v2\/posts\/95676\/revisions\/95677"}],"wp:featuredmedia":[{"embeddable":true,"href":"https:\/\/eldiariodesanpedro.com.ar\/sitio\/wp-json\/wp\/v2\/media\/81115"}],"wp:attachment":[{"href":"https:\/\/eldiariodesanpedro.com.ar\/sitio\/wp-json\/wp\/v2\/media?parent=95676"}],"wp:term":[{"taxonomy":"category","embeddable":true,"href":"https:\/\/eldiariodesanpedro.com.ar\/sitio\/wp-json\/wp\/v2\/categories?post=95676"},{"taxonomy":"post_tag","embeddable":true,"href":"https:\/\/eldiariodesanpedro.com.ar\/sitio\/wp-json\/wp\/v2\/tags?post=95676"}],"curies":[{"name":"wp","href":"https:\/\/api.w.org\/{rel}","templated":true}]}}