{"id":95667,"date":"2021-07-13T12:27:51","date_gmt":"2021-07-13T15:27:51","guid":{"rendered":"https:\/\/eldiariodesanpedro.com.ar\/sitio\/?p=95667"},"modified":"2021-07-13T12:27:55","modified_gmt":"2021-07-13T15:27:55","slug":"a-los-50-anos-silvio-velo-el-maradona-ciego-se-entrena-para-los-juegos-paralimpicos-y-protagoniza-un-videojuego","status":"publish","type":"post","link":"https:\/\/eldiariodesanpedro.com.ar\/sitio\/a-los-50-anos-silvio-velo-el-maradona-ciego-se-entrena-para-los-juegos-paralimpicos-y-protagoniza-un-videojuego\/","title":{"rendered":"A los 50 a\u00f1os Silvio Velo, \u201cEl Maradona ciego\u201d, se entrena para los Juegos Paral\u00edmpicos y protagoniza un videojuego"},"content":{"rendered":"<!-- VideographyWP Plugin Message: Automatic video embedding prevented by plugin options. -->\n\n<p>El capit\u00e1n de Los Murci\u00e9lagos se prepara para conseguir en Tokio 2021 el \u00fanico trofeo que le falta a la Selecci\u00f3n Argentina de F\u00fatbol para Ciegos: la medalla dorada. Su educaci\u00f3n en un instituto especializado en discapacidad visual, las becas deportivas y el apoyo del Estado y de las marcas fueron clave para desarrollar su carrera y la del equipo que lidera.<\/p>\n\n\n\n<p>\u201cFue en 2002 en un vestuario\u201d, cont\u00f3<strong> Silvio Velo <\/strong>en una conferencia de prensa en 2019. \u201cEn ese momento en la Argentina estaba de moda el zool\u00f3gico deportivo, por as\u00ed decirlo. Estaban Los Pumas, Las Leonas, Las Panteras y dem\u00e1s. Entonces empezamos a decir: \u00bfpor qu\u00e9 no podemos estar nosotros? Buscamos un nombre de un animal y se propuso \u2018Los Topos\u2019, \u2018Los Linces\u2019 y otros. <strong>Yo propuse<\/strong><strong><em> Murci\u00e9lagos <\/em><\/strong><strong>y fue aceptado<\/strong>\u201d.<\/p>\n\n\n\n<p>Desde entonces, nadie habla de una Selecci\u00f3n Argentina de F\u00fatbol 5 para Ciegos, sino de Los Murci\u00e9lagos, un equipo bastante poderoso en la competencia internacional al que su capit\u00e1n, Silvio Velo \u2014ahora en di\u00e1logo desde el CENARD, donde el equipo se est\u00e1 concentrando para los Juegos Paral\u00edmpicos de Tokio 2021 (que ser\u00e1n desde el 24 de agosto hasta el 5 de septiembre)\u2014 llama con cari\u00f1o \u201clos Murci\u201d. \u201cHicimos el trabajo de la tarde, hicimos partido, estamos entrenando para construir un equipo \u00f3ptimo\u201d, dice. \u201cEl equipo est\u00e1 muy bien preparado y no por nada en el ranking mundial es el n\u00famero 1. Tenemos una expectativa alta\u201d. La medalla de oro es la \u00fanica que les falta a Los Murci\u00e9lagos.<\/p>\n\n\n\n<p>Silvio Velo naci\u00f3 en San Pedro, ciego (\u201cy pobre\u201d, agrega), hijo de un alba\u00f1il y de una empleada dom\u00e9stica, hermano de doce (\u00fanico no vidente entre ellos) y fue educado en el Instituto Rom\u00e1n Rosell de San Isidro (famoso por su trabajo por la integraci\u00f3n de los ni\u00f1os, ni\u00f1as, adolescentes y adultos con discapacidad visual). Hoy, 50 a\u00f1os despu\u00e9s, Velo es una leyenda.<\/p>\n\n\n\n<p>Lleva desde 1991 la cinta de capit\u00e1n del equipo nacional de f\u00fatbol. Ocho veces fue galardonado como el mejor jugador del mundo; gan\u00f3 dos mundiales (Brasil 2002 y Argentina 2006), la medalla plateada en los Juegos de Atenas 2004 y la de bronce en Pek\u00edn 2008 y en Brasil 2016. La Presidencia de la Naci\u00f3n y el Gobierno de la Ciudad de Buenos Aires le dieron reconocimientos en el Bicentenario; <strong>el Premio Konex lo obtuvo en 2011<\/strong>.<\/p>\n\n\n\n<p>La agencia AFP lo denomin\u00f3 \u201cel Messi del f\u00fatbol ciego\u201d y la BBC le dedic\u00f3 un episodio de un p\u00f3dcast con el t\u00edtulo de \u201cThe Blind Maradona\u201d. \u201cEs una satisfacci\u00f3n enorme que te comparen con esos dos referentes del f\u00fatbol mundial\u201d, dijo Velo en una entrevista con elDiario.ar. \u201cSon cosas que le hacen bien al equipo, m\u00e1s que nada, y claro que a uno tambi\u00e9n. <strong>Necesitamos de estas cosas para difundir nuestro deporte<\/strong>, para mostrarnos\u201d.<\/p>\n\n\n\n<p>\u201cYo quer\u00eda jugar al f\u00fatbol, pero no sab\u00eda c\u00f3mo ni cu\u00e1ndo ni d\u00f3nde\u201d, recuerda sobre su infancia. \u201c<strong>Sent\u00eda al f\u00fatbol dentro m\u00edo, aunque hab\u00eda nacido ciego<\/strong> y ese era un deporte, en ese entonces, enteramente visual. Hasta que descubr\u00ed en el Instituto Rom\u00e1n Rosell que a la pelota se le pod\u00eda poner un cascabel y que hab\u00eda pibes como yo, que tampoco ve\u00edan y que jugaban. \u00a1Qu\u00e9 f\u00e1cil que era la soluci\u00f3n!\u201d. Esa fue una bisagra. \u201cAdem\u00e1s, mis padres nunca me sobreprotegieron y eso fue muy importante. No ten\u00edamos nada material pero s\u00ed mucho apoyo. Yo era uno m\u00e1s, andaba por el barrio, remontaba barriletes, iba a pescar: vida normal\u201d.<\/p>\n\n\n\n<p>Sus logros parecen infinitos y ahora llega uno m\u00e1s: es uno de los nueve deportistas \u2015y el \u00fanico latinoamericano\u2015 del videojuego oficial de los Juegos Paral\u00edmpicos, dise\u00f1ado en Jap\u00f3n. El game se llama Pegasus Dream Tour y con \u00e9l pod\u00e9s jugar a ser Velo en sus partidos. \u201cA trav\u00e9s de esta iniciativa podemos difundir nuestro deporte y especialmente los Juegos Paral\u00edmpicos\u201d, dice el capit\u00e1n, luego de un d\u00eda lluvioso de entrenamiento, desde una habitaci\u00f3n que comparte con otros dos futbolistas: Froil\u00e1n Padilla y Maximiliano Espinillo. \u201c<strong>Creo que convocarme para el juego fue un gran reconocimiento y acept\u00e9 por eso y para que el deporte paral\u00edmpico siga creciendo<\/strong>\u201d.<\/p>\n\n\n\n<p>La selecci\u00f3n nacional surgi\u00f3 en 1991; antes que la liga de equipos, que naci\u00f3 en 1994 y que hoy tiene 28 clubes que en muchos casos carecen del mismo apoyo que Los Murci\u00e9lagos. Cinco a\u00f1os atr\u00e1s, un grupo de deportistas ciegos argentinos hab\u00eda formado el n\u00facleo de la FADEC (Federaci\u00f3n Argentina de Deportes para Ciegos) y se hab\u00eda puesto en contacto con la Federaci\u00f3n Internacional de Deportes para Ciegos. Por entonces, Velo trabajaba en una dependencia del Estado y en el Instituto Rom\u00e1n Rosell, y cuando lleg\u00f3 la hora se sum\u00f3 a un precario primer equipo nacional. \u201c<strong>Estaba lleno de falencias pero hab\u00eda que armarlo, eso era m\u00e1s importante que los jugadores que lo integr\u00e1bamos<\/strong>\u201d, dice. \u201cEse fue el puntapi\u00e9 inicial\u201d.<\/p>\n\n\n\n<p>Despu\u00e9s de tantos a\u00f1os de \u00e9xitos, Los Murci\u00e9lagos son atractivos para las marcas: en junio Adidas lanz\u00f3 un comercial sobre el f\u00fatbol para ciegos con la participaci\u00f3n del propio Velo. Se trata quiz\u00e1s del ejemplo argentino m\u00e1s mencionado en deporte paral\u00edmpico, un movimiento que, seg\u00fan el BID, naci\u00f3 en un hospital brit\u00e1nico en 1948 para apoyar a las v\u00edctimas de la Segunda Guerra Mundial.<\/p>\n\n\n\n<p>El concepto creci\u00f3 sin pausa y en 2016 los Juegos Paral\u00edmpicos de R\u00edo convocaron a 160 pa\u00edses y a unos 4.500 atletas. En el Maracan\u00e1, Aaron Wheelz Fotheringham (que hace saltos en silla de ruedas adaptados del skate y el BMX) se desliz\u00f3 hasta una rampa, donde a toda velocidad realiz\u00f3 un salto mortal con su silla de ruedas y dio inicio a la ceremonia. <strong>Los Murci\u00e9lagos debutaron en esa competencia contra M\u00e9xico<\/strong>. Maximiliano Espinillo marc\u00f3 un golazo a los 2 minutos; Silvio Velo, a los 15 y con una jugada individual, coloc\u00f3 el resultado final: 2-0.<\/p>\n\n\n\n<p>Parte de la soluci\u00f3n para la carrera de estos deportistas es que tienen becas que les permiten vivir entrenando. \u201cCuando vuelvo a San Pedro hago lo mismo que en el CENARD: aer\u00f3bico en el gimnasio, t\u00e1ctica en la cancha\u2026 <strong>y voy a la cancha que me presten<\/strong>\u201d, dice Velo. Y el equipo tiene a disposici\u00f3n un estadio exclusivo en el CENARD. \u201cLamentablemente, no todos est\u00e1n en las mismas condiciones. Nosotros no tenemos excusas\u201d, dice \u00e9l.<\/p>\n\n\n\n<p>Velo es consciente de su esfuerzo. \u201cSoy una persona que se mueve de acuerdo a los desaf\u00edos y mi desaf\u00edo este a\u00f1o es llegar a Tokio\u201d, sigue. \u201cLa lista de jugadores todav\u00eda no se entreg\u00f3. Estoy entren\u00e1ndome muy fuerte y no hay imposibles: yo me entreno con pibes de 20 a\u00f1os, pibes que tienen la edad de mis hijos, pero eso me motiva m\u00e1s. Por ahora sigo y me siento muy bien. El mensaje que quiero dar es poner el pecho y no bajar los brazos nunca\u201d. En el CENARD la charla termina: hay que volver a la concentraci\u00f3n.<\/p>\n\n\n\n<p>Fuente:<a href=\"https:\/\/www.infobae.com\/america\/soluciones\/2021\/07\/13\/a-los-50-anos-silvio-velo-el-maradona-ciego-se-entrena-para-los-juegos-paralimpicos-y-protagoniza-un-videojuego\/\"> InfoBae<\/a><\/p>\n\n\n\n<figure class=\"wp-block-image size-large\"><img decoding=\"async\" width=\"992\" height=\"661\" data-attachment-id=\"95672\" data-permalink=\"https:\/\/eldiariodesanpedro.com.ar\/sitio\/a-los-50-anos-silvio-velo-el-maradona-ciego-se-entrena-para-los-juegos-paralimpicos-y-protagoniza-un-videojuego\/l6otsy6zk5bdffjrj3vgmxmboy-1\/\" data-orig-file=\"https:\/\/eldiariodesanpedro.com.ar\/sitio\/wp-content\/uploads\/2021\/07\/L6OTSY6ZK5BDFFJRJ3VGMXMBOY-1.jpg\" data-orig-size=\"992,661\" data-comments-opened=\"1\" data-image-meta=\"{&quot;aperture&quot;:&quot;0&quot;,&quot;credit&quot;:&quot;&quot;,&quot;camera&quot;:&quot;&quot;,&quot;caption&quot;:&quot;&quot;,&quot;created_timestamp&quot;:&quot;0&quot;,&quot;copyright&quot;:&quot;&quot;,&quot;focal_length&quot;:&quot;0&quot;,&quot;iso&quot;:&quot;0&quot;,&quot;shutter_speed&quot;:&quot;0&quot;,&quot;title&quot;:&quot;&quot;,&quot;orientation&quot;:&quot;0&quot;}\" data-image-title=\"L6OTSY6ZK5BDFFJRJ3VGMXMBOY-1\" data-image-description=\"\" data-image-caption=\"\" data-large-file=\"https:\/\/eldiariodesanpedro.com.ar\/sitio\/wp-content\/uploads\/2021\/07\/L6OTSY6ZK5BDFFJRJ3VGMXMBOY-1.jpg\" data-src=\"https:\/\/eldiariodesanpedro.com.ar\/sitio\/wp-content\/uploads\/2021\/07\/L6OTSY6ZK5BDFFJRJ3VGMXMBOY-1.jpg\" alt=\"\" class=\"wp-image-95672 lazyload\" data-srcset=\"https:\/\/eldiariodesanpedro.com.ar\/sitio\/wp-content\/uploads\/2021\/07\/L6OTSY6ZK5BDFFJRJ3VGMXMBOY-1.jpg 992w, https:\/\/eldiariodesanpedro.com.ar\/sitio\/wp-content\/uploads\/2021\/07\/L6OTSY6ZK5BDFFJRJ3VGMXMBOY-1-300x200.jpg 300w, https:\/\/eldiariodesanpedro.com.ar\/sitio\/wp-content\/uploads\/2021\/07\/L6OTSY6ZK5BDFFJRJ3VGMXMBOY-1-768x512.jpg 768w\" data-sizes=\"(max-width: 992px) 100vw, 992px\" src=\"data:image\/svg+xml;base64,PHN2ZyB3aWR0aD0iMSIgaGVpZ2h0PSIxIiB4bWxucz0iaHR0cDovL3d3dy53My5vcmcvMjAwMC9zdmciPjwvc3ZnPg==\" style=\"--smush-placeholder-width: 992px; --smush-placeholder-aspect-ratio: 992\/661;\" \/><\/figure>\n\n\n\n<figure class=\"wp-block-image size-large\"><img decoding=\"async\" width=\"992\" height=\"661\" data-attachment-id=\"95669\" data-permalink=\"https:\/\/eldiariodesanpedro.com.ar\/sitio\/a-los-50-anos-silvio-velo-el-maradona-ciego-se-entrena-para-los-juegos-paralimpicos-y-protagoniza-un-videojuego\/bgs24vkwmfcbrdyad4o5jkfi44\/\" data-orig-file=\"https:\/\/eldiariodesanpedro.com.ar\/sitio\/wp-content\/uploads\/2021\/07\/BGS24VKWMFCBRDYAD4O5JKFI44.jpg\" data-orig-size=\"992,661\" data-comments-opened=\"1\" data-image-meta=\"{&quot;aperture&quot;:&quot;0&quot;,&quot;credit&quot;:&quot;&quot;,&quot;camera&quot;:&quot;&quot;,&quot;caption&quot;:&quot;&quot;,&quot;created_timestamp&quot;:&quot;0&quot;,&quot;copyright&quot;:&quot;&quot;,&quot;focal_length&quot;:&quot;0&quot;,&quot;iso&quot;:&quot;0&quot;,&quot;shutter_speed&quot;:&quot;0&quot;,&quot;title&quot;:&quot;&quot;,&quot;orientation&quot;:&quot;0&quot;}\" data-image-title=\"BGS24VKWMFCBRDYAD4O5JKFI44\" data-image-description=\"\" data-image-caption=\"\" data-large-file=\"https:\/\/eldiariodesanpedro.com.ar\/sitio\/wp-content\/uploads\/2021\/07\/BGS24VKWMFCBRDYAD4O5JKFI44.jpg\" data-src=\"https:\/\/eldiariodesanpedro.com.ar\/sitio\/wp-content\/uploads\/2021\/07\/BGS24VKWMFCBRDYAD4O5JKFI44.jpg\" alt=\"\" class=\"wp-image-95669 lazyload\" data-srcset=\"https:\/\/eldiariodesanpedro.com.ar\/sitio\/wp-content\/uploads\/2021\/07\/BGS24VKWMFCBRDYAD4O5JKFI44.jpg 992w, https:\/\/eldiariodesanpedro.com.ar\/sitio\/wp-content\/uploads\/2021\/07\/BGS24VKWMFCBRDYAD4O5JKFI44-300x200.jpg 300w, https:\/\/eldiariodesanpedro.com.ar\/sitio\/wp-content\/uploads\/2021\/07\/BGS24VKWMFCBRDYAD4O5JKFI44-768x512.jpg 768w\" data-sizes=\"(max-width: 992px) 100vw, 992px\" src=\"data:image\/svg+xml;base64,PHN2ZyB3aWR0aD0iMSIgaGVpZ2h0PSIxIiB4bWxucz0iaHR0cDovL3d3dy53My5vcmcvMjAwMC9zdmciPjwvc3ZnPg==\" style=\"--smush-placeholder-width: 992px; --smush-placeholder-aspect-ratio: 992\/661;\" \/><\/figure>\n","protected":false},"excerpt":{"rendered":"<p>El capit\u00e1n de Los Murci\u00e9lagos se prepara para conseguir en Tokio 2021 el \u00fanico trofeo que le falta a la Selecci\u00f3n Argentina de F\u00fatbol para Ciegos: la medalla dorada. Su educaci\u00f3n en un instituto especializado en discapacidad visual, las becas deportivas y el apoyo del Estado y de las marcas fueron clave para desarrollar su [&hellip;]<\/p>\n","protected":false},"author":4,"featured_media":95668,"comment_status":"open","ping_status":"closed","sticky":false,"template":"","format":"standard","meta":{"om_disable_all_campaigns":false,"_jetpack_memberships_contains_paid_content":false,"footnotes":""},"categories":[50,101,2],"tags":[],"class_list":["post-95667","post","type-post","status-publish","format-standard","has-post-thumbnail","hentry","category-destacadas","category-interes-general-locales","category-locales"],"aioseo_notices":[],"gutentor_comment":0,"jetpack_featured_media_url":"https:\/\/eldiariodesanpedro.com.ar\/sitio\/wp-content\/uploads\/2021\/07\/56GCRITK2FDXVCYJ2PUDQ3AEXI.jpg","jetpack_shortlink":"https:\/\/wp.me\/p6RhLt-oT1","jetpack_sharing_enabled":true,"_links":{"self":[{"href":"https:\/\/eldiariodesanpedro.com.ar\/sitio\/wp-json\/wp\/v2\/posts\/95667","targetHints":{"allow":["GET"]}}],"collection":[{"href":"https:\/\/eldiariodesanpedro.com.ar\/sitio\/wp-json\/wp\/v2\/posts"}],"about":[{"href":"https:\/\/eldiariodesanpedro.com.ar\/sitio\/wp-json\/wp\/v2\/types\/post"}],"author":[{"embeddable":true,"href":"https:\/\/eldiariodesanpedro.com.ar\/sitio\/wp-json\/wp\/v2\/users\/4"}],"replies":[{"embeddable":true,"href":"https:\/\/eldiariodesanpedro.com.ar\/sitio\/wp-json\/wp\/v2\/comments?post=95667"}],"version-history":[{"count":1,"href":"https:\/\/eldiariodesanpedro.com.ar\/sitio\/wp-json\/wp\/v2\/posts\/95667\/revisions"}],"predecessor-version":[{"id":95674,"href":"https:\/\/eldiariodesanpedro.com.ar\/sitio\/wp-json\/wp\/v2\/posts\/95667\/revisions\/95674"}],"wp:featuredmedia":[{"embeddable":true,"href":"https:\/\/eldiariodesanpedro.com.ar\/sitio\/wp-json\/wp\/v2\/media\/95668"}],"wp:attachment":[{"href":"https:\/\/eldiariodesanpedro.com.ar\/sitio\/wp-json\/wp\/v2\/media?parent=95667"}],"wp:term":[{"taxonomy":"category","embeddable":true,"href":"https:\/\/eldiariodesanpedro.com.ar\/sitio\/wp-json\/wp\/v2\/categories?post=95667"},{"taxonomy":"post_tag","embeddable":true,"href":"https:\/\/eldiariodesanpedro.com.ar\/sitio\/wp-json\/wp\/v2\/tags?post=95667"}],"curies":[{"name":"wp","href":"https:\/\/api.w.org\/{rel}","templated":true}]}}