{"id":95664,"date":"2021-07-13T12:16:22","date_gmt":"2021-07-13T15:16:22","guid":{"rendered":"https:\/\/eldiariodesanpedro.com.ar\/sitio\/?p=95664"},"modified":"2021-07-13T12:16:26","modified_gmt":"2021-07-13T15:16:26","slug":"descuentos-anses-para-celulares-y-computadoras-como-acceder","status":"publish","type":"post","link":"https:\/\/eldiariodesanpedro.com.ar\/sitio\/descuentos-anses-para-celulares-y-computadoras-como-acceder\/","title":{"rendered":"Descuentos ANSES para celulares y computadoras: \u00bfC\u00f3mo acceder?"},"content":{"rendered":"<!-- VideographyWP Plugin Message: Automatic video embedding prevented by plugin options. -->\n\n<p>\u201cPusimos en marcha en todo el pa\u00eds una red de descuentos para acompa\u00f1ar a nuestros beneficiarios y beneficiarias, y para que puedan hacer rendir mejor su dinero\u201d, public\u00f3 la entidad en su p\u00e1gina web.<\/p>\n\n\n\n<p>La Administraci\u00f3n Nacional de la Seguridad Social (Anses) confirm\u00f3 que los d\u00edas lunes habr\u00e1 un descuento del 10%, que se traducir\u00e1 en un reintegro de hasta $1.000 por cada compra realizada de celulares, computadores, electrodom\u00e9sticos, supermercados y farmacias.<\/p>\n\n\n\n<p>\u201cDesde la Anses pusimos en marcha en todo el pa\u00eds una red de descuentos para acompa\u00f1ar a nuestros beneficiarios y beneficiarias, y para que puedan hacer rendir mejor su dinero\u201d, public\u00f3 la entidad en su p\u00e1gina web.<\/p>\n\n\n\n<p>En la plataforma oficial del organismo que conduce Fernanda Raverta, se explica adem\u00e1s que, aunque ese es el tope m\u00e1ximo de devoluci\u00f3n, no hay l\u00edmites en la cantidad de operaciones que el usuario puede realizar.<\/p>\n\n\n\n<p>Podr\u00e1n acceder al beneficio jubilados y pensionados (SIPA), titulares de pensi\u00f3n universal de adultos mayores (PUAM), pensiones no contributivas (PNC), asignaci\u00f3n universal por hijo y embarazo.<\/p>\n\n\n\n<p>Tambi\u00e9n quienes cobran el sistema \u00fanico de asignaciones familiares (SUAF), programa de respaldo de estudiantes (PROGRESAR) y prestaci\u00f3n por desempleo en los programas de empleo.<\/p>\n\n\n\n<p>Asimismo se aclara que para los usuarios cuya prestaci\u00f3n fue dada de alta recientemente, el reintegro que les corresponda se realizar\u00e1 una vez que el banco env\u00ede los datos de su CBU, y que es un tr\u00e1mite que puede tardar hasta 90 d\u00edas.<\/p>\n\n\n\n<p>Fuente: <a href=\"https:\/\/www.grupolaprovincia.com\/\">Grupo La Provincia<\/a><\/p>\n","protected":false},"excerpt":{"rendered":"<p>\u201cPusimos en marcha en todo el pa\u00eds una red de descuentos para acompa\u00f1ar a nuestros beneficiarios y beneficiarias, y para que puedan hacer rendir mejor su dinero\u201d, public\u00f3 la entidad en su p\u00e1gina web. La Administraci\u00f3n Nacional de la Seguridad Social (Anses) confirm\u00f3 que los d\u00edas lunes habr\u00e1 un descuento del 10%, que se traducir\u00e1 [&hellip;]<\/p>\n","protected":false},"author":4,"featured_media":95665,"comment_status":"open","ping_status":"closed","sticky":false,"template":"","format":"standard","meta":{"om_disable_all_campaigns":false,"_jetpack_memberships_contains_paid_content":false,"footnotes":""},"categories":[621],"tags":[],"class_list":["post-95664","post","type-post","status-publish","format-standard","has-post-thumbnail","hentry","category-regionales"],"aioseo_notices":[],"gutentor_comment":0,"jetpack_featured_media_url":"https:\/\/eldiariodesanpedro.com.ar\/sitio\/wp-content\/uploads\/2021\/07\/tarjeta-de-debito1-688x387-1.jpg","jetpack_shortlink":"https:\/\/wp.me\/p6RhLt-oSY","jetpack_sharing_enabled":true,"_links":{"self":[{"href":"https:\/\/eldiariodesanpedro.com.ar\/sitio\/wp-json\/wp\/v2\/posts\/95664","targetHints":{"allow":["GET"]}}],"collection":[{"href":"https:\/\/eldiariodesanpedro.com.ar\/sitio\/wp-json\/wp\/v2\/posts"}],"about":[{"href":"https:\/\/eldiariodesanpedro.com.ar\/sitio\/wp-json\/wp\/v2\/types\/post"}],"author":[{"embeddable":true,"href":"https:\/\/eldiariodesanpedro.com.ar\/sitio\/wp-json\/wp\/v2\/users\/4"}],"replies":[{"embeddable":true,"href":"https:\/\/eldiariodesanpedro.com.ar\/sitio\/wp-json\/wp\/v2\/comments?post=95664"}],"version-history":[{"count":1,"href":"https:\/\/eldiariodesanpedro.com.ar\/sitio\/wp-json\/wp\/v2\/posts\/95664\/revisions"}],"predecessor-version":[{"id":95666,"href":"https:\/\/eldiariodesanpedro.com.ar\/sitio\/wp-json\/wp\/v2\/posts\/95664\/revisions\/95666"}],"wp:featuredmedia":[{"embeddable":true,"href":"https:\/\/eldiariodesanpedro.com.ar\/sitio\/wp-json\/wp\/v2\/media\/95665"}],"wp:attachment":[{"href":"https:\/\/eldiariodesanpedro.com.ar\/sitio\/wp-json\/wp\/v2\/media?parent=95664"}],"wp:term":[{"taxonomy":"category","embeddable":true,"href":"https:\/\/eldiariodesanpedro.com.ar\/sitio\/wp-json\/wp\/v2\/categories?post=95664"},{"taxonomy":"post_tag","embeddable":true,"href":"https:\/\/eldiariodesanpedro.com.ar\/sitio\/wp-json\/wp\/v2\/tags?post=95664"}],"curies":[{"name":"wp","href":"https:\/\/api.w.org\/{rel}","templated":true}]}}