{"id":95661,"date":"2021-07-13T12:12:29","date_gmt":"2021-07-13T15:12:29","guid":{"rendered":"https:\/\/eldiariodesanpedro.com.ar\/sitio\/?p=95661"},"modified":"2021-07-13T12:12:33","modified_gmt":"2021-07-13T15:12:33","slug":"kicillof-informo-que-69-municipios-completaron-la-vacunacion-y-un-total-de-61-de-la-poblacion","status":"publish","type":"post","link":"https:\/\/eldiariodesanpedro.com.ar\/sitio\/kicillof-informo-que-69-municipios-completaron-la-vacunacion-y-un-total-de-61-de-la-poblacion\/","title":{"rendered":"Kicillof inform\u00f3 que 69 municipios completaron la vacunaci\u00f3n y un total de 61% de la poblaci\u00f3n"},"content":{"rendered":"<!-- VideographyWP Plugin Message: Automatic video embedding prevented by plugin options. -->\n\n<p>Esta ma\u00f1ana el gobernador Axel Kicillof inform\u00f3 que 69 municipios completaron la vacunaci\u00f3n de todos los mayores de 18 a\u00f1os con al menos una dosis.<\/p>\n\n\n\n<p>Adem\u00e1s, Kicillof anunci\u00f3 que\u00a0<strong>el pr\u00f3ximo fin de semana volver\u00e1 a realizarse una jornada provincial de vacunaci\u00f3n con operativos \u201ccasa por casa\u201d.<\/strong><\/p>\n\n\n\n<p>En este marco, Kicillof dijo: \u201cestamos muy satisfechos con estas siete semanas consecutivas de ca\u00edda. Es un poco inferior al pico de agosto del 2020, esto se logra con vacunaci\u00f3n y cuidados, no con una y con la otra\u201d.<\/p>\n\n\n\n<p><strong>\u201cEl 61% de la poblaci\u00f3n mayor de 18 ya est\u00e1 vacunada con una dosis al menos en toda la provincia.&nbsp;<\/strong>La velocidad que ha tomado la campa\u00f1a de vacunaci\u00f3n durante el mes de julio ha sido formidable. Hemos aplicado casi dos millones de vacunas en 12 d\u00edas. Son n\u00fameros muy alentadores\u201d, dijo el gobernador.<\/p>\n\n\n\n<p>Respecto a cu\u00e1ndo se lograr\u00e1 la \u201cprovincia protegida\u201d, Kicillof dijo: \u201cNo somos afectos a dar fechas ciertas en el marco de tantas variables e incertidumbre. Preferimos ir anunciando a medida que se avanza, y se avanza a un ritmo absolutamente imposible. Hubo un medio que dec\u00eda que no \u00edbamos a poder vacunar a todos este a\u00f1o\u201d.<\/p>\n\n\n\n<p>Es que, \u201cen algunos casos es m\u00e1s sencilla la vacunaci\u00f3n, en poblaciones de 10.000, 15.000 habitantes\u201d, y agreg\u00f3 Kicillof: \u201cEn cambio en zonas con una densidad poblacional mayor es m\u00e1s compleja la llegada al grueso de la poblaci\u00f3n, por esto tenemos vacuna libre\u201d.<\/p>\n\n\n\n<p>Asimismo, desde Casa de Gobierno se resalt\u00f3 el avance del plan de vacunaci\u00f3n respecto a segmentos etarios. \u201cEstamos llegando al 50% de los vacunados de 18 a 59 a\u00f1os sin comorbilidades\u201d, dijo Goll\u00e1n y resalt\u00f3: \u201cEstamos tremendamente conformes en la Provincia. Este fin de semana fue, dentro de la desgracia que representa la pandemia, tuvimos la enorme alegr\u00eda adem\u00e1s de la Selecci\u00f3n de tener un fin de semana largo tremendamente positivo en t\u00e9rminos de vacunaci\u00f3n, no s\u00f3lo por aplicar vacunas sino por lo que eso represento para millones de Bonaerenses\u201d.<\/p>\n","protected":false},"excerpt":{"rendered":"<p>Esta ma\u00f1ana el gobernador Axel Kicillof inform\u00f3 que 69 municipios completaron la vacunaci\u00f3n de todos los mayores de 18 a\u00f1os con al menos una dosis. Adem\u00e1s, Kicillof anunci\u00f3 que\u00a0el pr\u00f3ximo fin de semana volver\u00e1 a realizarse una jornada provincial de vacunaci\u00f3n con operativos \u201ccasa por casa\u201d. En este marco, Kicillof dijo: \u201cestamos muy satisfechos con [&hellip;]<\/p>\n","protected":false},"author":4,"featured_media":95662,"comment_status":"open","ping_status":"closed","sticky":false,"template":"","format":"standard","meta":{"om_disable_all_campaigns":false,"_jetpack_memberships_contains_paid_content":false,"footnotes":""},"categories":[621],"tags":[],"class_list":["post-95661","post","type-post","status-publish","format-standard","has-post-thumbnail","hentry","category-regionales"],"aioseo_notices":[],"gutentor_comment":0,"jetpack_featured_media_url":"https:\/\/eldiariodesanpedro.com.ar\/sitio\/wp-content\/uploads\/2021\/07\/kicillofjpg.jpg","jetpack_shortlink":"https:\/\/wp.me\/p6RhLt-oSV","jetpack_sharing_enabled":true,"_links":{"self":[{"href":"https:\/\/eldiariodesanpedro.com.ar\/sitio\/wp-json\/wp\/v2\/posts\/95661","targetHints":{"allow":["GET"]}}],"collection":[{"href":"https:\/\/eldiariodesanpedro.com.ar\/sitio\/wp-json\/wp\/v2\/posts"}],"about":[{"href":"https:\/\/eldiariodesanpedro.com.ar\/sitio\/wp-json\/wp\/v2\/types\/post"}],"author":[{"embeddable":true,"href":"https:\/\/eldiariodesanpedro.com.ar\/sitio\/wp-json\/wp\/v2\/users\/4"}],"replies":[{"embeddable":true,"href":"https:\/\/eldiariodesanpedro.com.ar\/sitio\/wp-json\/wp\/v2\/comments?post=95661"}],"version-history":[{"count":1,"href":"https:\/\/eldiariodesanpedro.com.ar\/sitio\/wp-json\/wp\/v2\/posts\/95661\/revisions"}],"predecessor-version":[{"id":95663,"href":"https:\/\/eldiariodesanpedro.com.ar\/sitio\/wp-json\/wp\/v2\/posts\/95661\/revisions\/95663"}],"wp:featuredmedia":[{"embeddable":true,"href":"https:\/\/eldiariodesanpedro.com.ar\/sitio\/wp-json\/wp\/v2\/media\/95662"}],"wp:attachment":[{"href":"https:\/\/eldiariodesanpedro.com.ar\/sitio\/wp-json\/wp\/v2\/media?parent=95661"}],"wp:term":[{"taxonomy":"category","embeddable":true,"href":"https:\/\/eldiariodesanpedro.com.ar\/sitio\/wp-json\/wp\/v2\/categories?post=95661"},{"taxonomy":"post_tag","embeddable":true,"href":"https:\/\/eldiariodesanpedro.com.ar\/sitio\/wp-json\/wp\/v2\/tags?post=95661"}],"curies":[{"name":"wp","href":"https:\/\/api.w.org\/{rel}","templated":true}]}}