{"id":95641,"date":"2021-07-13T10:35:46","date_gmt":"2021-07-13T13:35:46","guid":{"rendered":"https:\/\/eldiariodesanpedro.com.ar\/sitio\/?p=95641"},"modified":"2021-07-13T10:35:49","modified_gmt":"2021-07-13T13:35:49","slug":"vacunacion-libre-en-la-provincia-para-mayores-de-35-anos-a-partir-de-manana","status":"publish","type":"post","link":"https:\/\/eldiariodesanpedro.com.ar\/sitio\/vacunacion-libre-en-la-provincia-para-mayores-de-35-anos-a-partir-de-manana\/","title":{"rendered":"Vacunaci\u00f3n libre en la Provincia para mayores de 35 a\u00f1os a partir de ma\u00f1ana"},"content":{"rendered":"<!-- VideographyWP Plugin Message: Automatic video embedding prevented by plugin options. -->\n\n<p>El gobernador de la provincia de Buenos Aires, Axel Kicillof anunci\u00f3 que desde ma\u00f1ana habr\u00e1 vacunaci\u00f3n libre para mayores de 35 a\u00f1os.<\/p>\n\n\n\n<p>El<strong>\u00a0gobernador de\u00a0Buenos Aires,\u00a0Axel Kicillof<\/strong>, anunci\u00f3 que\u00a0<strong>a partir de ma\u00f1ana mi\u00e9rcoles se extiende la vacunaci\u00f3n\u00a0libre\u00a0contra el coronavirus a todos los mayores de 35 a\u00f1os en la\u00a0Provincia.<\/strong><\/p>\n\n\n\n<p>Kicillof anunci\u00f3 la posibilidad de vacunarse sin inscripci\u00f3n previa fue informada en una rueda de prensa que ofreci\u00f3 este martes a la ma\u00f1ana en la Casa de Gobierno provincial. De esta manera, avanza la vacunaci\u00f3n a los bonaerenses en el ingreso a la temporada invernal.<\/p>\n\n\n\n<p><strong>El gobernador Axel Kicillof anunci\u00f3 que las personas mayores de 35 a\u00f1os que residen en territorio bonaerense podr\u00e1n acceder a la vacuna contra el coronavirus sin turno<\/strong>&nbsp;y con la presentaci\u00f3n del DNI desde ma\u00f1ana.<\/p>\n\n\n\n<p><strong>\u201cMa\u00f1ana la vacunaci\u00f3n libre se extiende a todos los mayores de 35 a\u00f1os,&nbsp;<\/strong>tengan o no enfermedad, pertenezcan o no a grupos priorizados\u201d, dijo Kicillof.<\/p>\n\n\n\n<p>Adem\u00e1s, durante la actualizaci\u00f3n de la situaci\u00f3n epidemiol\u00f3gica desde Casa de Gobierno, el ministro de Salud bonaerense, junto al jefe de Gabinete Carlos Bianco y el gobernador Axel Kicillof, le puso n\u00fameros al \u201cimpresionante avance\u201d de la vacunaci\u00f3n en la provincia de Buenos Aires.<\/p>\n\n\n\n<p>Estamos llegando al 50% de los vacunados de 18 a 59 a\u00f1os sin comorbilidades\u201d, dijo Goll\u00e1n y resalt\u00f3: \u201cEstamos tremendamente conformes en la Provincia. Este fin de semana fue, dentro de la desgracia que representa la pandemia, tuvimos la enorme alegr\u00eda adem\u00e1s de la Selecci\u00f3n de tener un fin de semana largo tremendamente positivo en t\u00e9rminos de vacunaci\u00f3n, no s\u00f3lo por aplicar vacunas sino por lo que eso represento para millones de Bonaerenses\u201d.<\/p>\n\n\n\n<p>En este marco, se\u00f1al\u00f3 que Provincia se acerca a las 10 millones de aplicaciones de vacunas, de las cuales 7.6 son del componente 1 y adem\u00e1s, est\u00e1 cerca de llegar a los tres millones con el componente 2.<\/p>\n\n\n\n<p>En esta l\u00ednea, el ministro insisti\u00f3: \u201cHa habido un crecimiento impresionante de la campa\u00f1a de vacunaci\u00f3n, se est\u00e1 vacunando casi al 1% de la poblaci\u00f3n por d\u00eda\u201d, y compar\u00f3: \u201cEn China ser\u00edan 14 millones de vacunados por d\u00eda. Ese ritmo en otros pa\u00edses se lo marc\u00f3 como un hito hist\u00f3rico de vacunaci\u00f3n\u201d.<\/p>\n","protected":false},"excerpt":{"rendered":"<p>El gobernador de la provincia de Buenos Aires, Axel Kicillof anunci\u00f3 que desde ma\u00f1ana habr\u00e1 vacunaci\u00f3n libre para mayores de 35 a\u00f1os. El\u00a0gobernador de\u00a0Buenos Aires,\u00a0Axel Kicillof, anunci\u00f3 que\u00a0a partir de ma\u00f1ana mi\u00e9rcoles se extiende la vacunaci\u00f3n\u00a0libre\u00a0contra el coronavirus a todos los mayores de 35 a\u00f1os en la\u00a0Provincia. Kicillof anunci\u00f3 la posibilidad de vacunarse sin inscripci\u00f3n [&hellip;]<\/p>\n","protected":false},"author":4,"featured_media":95642,"comment_status":"open","ping_status":"closed","sticky":false,"template":"","format":"standard","meta":{"om_disable_all_campaigns":false,"_jetpack_memberships_contains_paid_content":false,"footnotes":""},"categories":[50,101,2],"tags":[],"class_list":["post-95641","post","type-post","status-publish","format-standard","has-post-thumbnail","hentry","category-destacadas","category-interes-general-locales","category-locales"],"aioseo_notices":[],"gutentor_comment":0,"jetpack_featured_media_url":"https:\/\/eldiariodesanpedro.com.ar\/sitio\/wp-content\/uploads\/2021\/07\/vacuna-librejpg.jpg","jetpack_shortlink":"https:\/\/wp.me\/p6RhLt-oSB","jetpack_sharing_enabled":true,"_links":{"self":[{"href":"https:\/\/eldiariodesanpedro.com.ar\/sitio\/wp-json\/wp\/v2\/posts\/95641","targetHints":{"allow":["GET"]}}],"collection":[{"href":"https:\/\/eldiariodesanpedro.com.ar\/sitio\/wp-json\/wp\/v2\/posts"}],"about":[{"href":"https:\/\/eldiariodesanpedro.com.ar\/sitio\/wp-json\/wp\/v2\/types\/post"}],"author":[{"embeddable":true,"href":"https:\/\/eldiariodesanpedro.com.ar\/sitio\/wp-json\/wp\/v2\/users\/4"}],"replies":[{"embeddable":true,"href":"https:\/\/eldiariodesanpedro.com.ar\/sitio\/wp-json\/wp\/v2\/comments?post=95641"}],"version-history":[{"count":1,"href":"https:\/\/eldiariodesanpedro.com.ar\/sitio\/wp-json\/wp\/v2\/posts\/95641\/revisions"}],"predecessor-version":[{"id":95643,"href":"https:\/\/eldiariodesanpedro.com.ar\/sitio\/wp-json\/wp\/v2\/posts\/95641\/revisions\/95643"}],"wp:featuredmedia":[{"embeddable":true,"href":"https:\/\/eldiariodesanpedro.com.ar\/sitio\/wp-json\/wp\/v2\/media\/95642"}],"wp:attachment":[{"href":"https:\/\/eldiariodesanpedro.com.ar\/sitio\/wp-json\/wp\/v2\/media?parent=95641"}],"wp:term":[{"taxonomy":"category","embeddable":true,"href":"https:\/\/eldiariodesanpedro.com.ar\/sitio\/wp-json\/wp\/v2\/categories?post=95641"},{"taxonomy":"post_tag","embeddable":true,"href":"https:\/\/eldiariodesanpedro.com.ar\/sitio\/wp-json\/wp\/v2\/tags?post=95641"}],"curies":[{"name":"wp","href":"https:\/\/api.w.org\/{rel}","templated":true}]}}