{"id":95638,"date":"2021-07-13T10:29:51","date_gmt":"2021-07-13T13:29:51","guid":{"rendered":"https:\/\/eldiariodesanpedro.com.ar\/sitio\/?p=95638"},"modified":"2021-07-13T12:30:37","modified_gmt":"2021-07-13T15:30:37","slug":"perdio-el-equilibrio-en-su-moto-cayo-y-golpeo-su-cabeza-contra-el-asfalto-se-encuentra-grave","status":"publish","type":"post","link":"https:\/\/eldiariodesanpedro.com.ar\/sitio\/perdio-el-equilibrio-en-su-moto-cayo-y-golpeo-su-cabeza-contra-el-asfalto-se-encuentra-grave\/","title":{"rendered":"Perdi\u00f3 el equilibrio en su moto, cay\u00f3 y golpe\u00f3 su cabeza contra el asfalto, se encuentra grave"},"content":{"rendered":"<!-- VideographyWP Plugin Message: Automatic video embedding prevented by plugin options. -->\n\n<p>En la madrugada de este martes un ciudadano perdi\u00f3 el control de su moto y termino golpeando su cabeza contra el pavimento, se encuentra internado con riesgo de vida.<\/p>\n\n\n\n<p>El siniestro ocurri\u00f3 en horas de la madrugada de hoy, alrededor de las 1:30 hs en la Av. 11 de Septiembre al 2400 donde un sujeto de 30 a\u00f1os de edad que circulaba a bordo de una motocicleta 125 cc por motivos que se tratan de establecer pierdo el equilibrio de su rodado y cae al cinta asf\u00e1ltica golpeando violentamente su cabeza. <\/p>\n\n\n\n<p>Como resultado del accidente el ciudadano sufri\u00f3 grave traumatismo de cr\u00e1neo con perdida de conocimiento por lo que fue trasladado al nosocomio local y se encuentra internado con riesgo de vida.<\/p>\n","protected":false},"excerpt":{"rendered":"<p>En la madrugada de este martes un ciudadano perdi\u00f3 el control de su moto y termino golpeando su cabeza contra el pavimento, se encuentra internado con riesgo de vida. El siniestro ocurri\u00f3 en horas de la madrugada de hoy, alrededor de las 1:30 hs en la Av. 11 de Septiembre al 2400 donde un sujeto [&hellip;]<\/p>\n","protected":false},"author":4,"featured_media":95639,"comment_status":"open","ping_status":"closed","sticky":false,"template":"","format":"standard","meta":{"om_disable_all_campaigns":false,"_jetpack_memberships_contains_paid_content":false,"footnotes":""},"categories":[50,2,103],"tags":[],"class_list":["post-95638","post","type-post","status-publish","format-standard","has-post-thumbnail","hentry","category-destacadas","category-locales","category-policiales-locales"],"aioseo_notices":[],"gutentor_comment":0,"jetpack_featured_media_url":"https:\/\/eldiariodesanpedro.com.ar\/sitio\/wp-content\/uploads\/2021\/07\/WhatsApp-Image-2021-07-13-at-10.05.50.jpeg","jetpack_shortlink":"https:\/\/wp.me\/p6RhLt-oSy","jetpack_sharing_enabled":true,"_links":{"self":[{"href":"https:\/\/eldiariodesanpedro.com.ar\/sitio\/wp-json\/wp\/v2\/posts\/95638","targetHints":{"allow":["GET"]}}],"collection":[{"href":"https:\/\/eldiariodesanpedro.com.ar\/sitio\/wp-json\/wp\/v2\/posts"}],"about":[{"href":"https:\/\/eldiariodesanpedro.com.ar\/sitio\/wp-json\/wp\/v2\/types\/post"}],"author":[{"embeddable":true,"href":"https:\/\/eldiariodesanpedro.com.ar\/sitio\/wp-json\/wp\/v2\/users\/4"}],"replies":[{"embeddable":true,"href":"https:\/\/eldiariodesanpedro.com.ar\/sitio\/wp-json\/wp\/v2\/comments?post=95638"}],"version-history":[{"count":2,"href":"https:\/\/eldiariodesanpedro.com.ar\/sitio\/wp-json\/wp\/v2\/posts\/95638\/revisions"}],"predecessor-version":[{"id":95675,"href":"https:\/\/eldiariodesanpedro.com.ar\/sitio\/wp-json\/wp\/v2\/posts\/95638\/revisions\/95675"}],"wp:featuredmedia":[{"embeddable":true,"href":"https:\/\/eldiariodesanpedro.com.ar\/sitio\/wp-json\/wp\/v2\/media\/95639"}],"wp:attachment":[{"href":"https:\/\/eldiariodesanpedro.com.ar\/sitio\/wp-json\/wp\/v2\/media?parent=95638"}],"wp:term":[{"taxonomy":"category","embeddable":true,"href":"https:\/\/eldiariodesanpedro.com.ar\/sitio\/wp-json\/wp\/v2\/categories?post=95638"},{"taxonomy":"post_tag","embeddable":true,"href":"https:\/\/eldiariodesanpedro.com.ar\/sitio\/wp-json\/wp\/v2\/tags?post=95638"}],"curies":[{"name":"wp","href":"https:\/\/api.w.org\/{rel}","templated":true}]}}