{"id":95634,"date":"2021-07-13T10:11:32","date_gmt":"2021-07-13T13:11:32","guid":{"rendered":"https:\/\/eldiariodesanpedro.com.ar\/sitio\/?p=95634"},"modified":"2021-07-13T10:11:36","modified_gmt":"2021-07-13T13:11:36","slug":"coopser-continua-con-las-tareas-de-remodelacion-del-salon-comunitario","status":"publish","type":"post","link":"https:\/\/eldiariodesanpedro.com.ar\/sitio\/coopser-continua-con-las-tareas-de-remodelacion-del-salon-comunitario\/","title":{"rendered":"Coopser continua con las tareas de remodelaci\u00f3n del sal\u00f3n comunitario"},"content":{"rendered":"<!-- VideographyWP Plugin Message: Automatic video embedding prevented by plugin options. -->\n\n<p>El Departamento de Obras de COOPSER informa que contin\u00faan las tareas de remodelaci\u00f3n en el Sal\u00f3n Comunitario de calle Pellegrini que se convertir\u00e1 en el pr\u00f3ximo centro de oficinas y atenci\u00f3n al p\u00fablico. Transitando por las diferentes etapas de acuerdo a las posibilidades econ\u00f3micas y operativas de los \u00faltimos meses, se ha finalizado la ejecuci\u00f3n de la estructura met\u00e1lica interna que comprende tres niveles.<\/p>\n\n\n\n<p>Se trabaja en la ejecuci\u00f3n de las ca\u00f1er\u00edas y canales de conexiones en el piso de planta baja. Adem\u00e1s ha dado comienzo la remodelaci\u00f3n de la fachada del hist\u00f3rico edificio en su frente hacia calle Pellegrini. El proyecto comprende el picado del viejo revoque y el reemplazo con nuevos materiales que respetar\u00e1n el formato original preservando la imagen de esta construcci\u00f3n que es patrimonio hist\u00f3rico de la Cooperativa y de todos los sampedrinos.<\/p>\n\n\n\n<p>Durante el mes en curso comenzar\u00e1n las tareas para la instalaci\u00f3n de las estructuras vidriadas que dividir\u00e1n los ambientes y delimitan el patio interno del edificio. De acuerdo a las estimaciones realizadas, es factible que estas nuevas instalaciones puedan ser inauguradas a mediados del 2022.<\/p>\n\n\n\n<p>A partir del an\u00e1lisis realizado a trav\u00e9s del&nbsp;<strong>Fondo de Obras P\u00fablicas Comunitarias<\/strong>, constituido con el aporte de un porcentaje de lo que abonan los vecinos con el pago de la factura de energ\u00eda, est\u00e1n en etapa de elaboraci\u00f3n de proyectos y promoci\u00f3n, obras evaluadas en conjunto con la Municipalidad de San Pedro.<\/p>\n\n\n\n<p>Dentro de las mismas se encuentran el alumbrado p\u00fablico de 11 cuadras en la zona de Calle Noseda y 24 de Febrero entre Caseros y Laprida, el proyecto de extensi\u00f3n de la red cloacal para conectar con el servicio a los barrios 4 Robles y Los Tilos y la ampliaci\u00f3n del alumbrado p\u00fablico en el Barrio La Providencia.<\/p>\n\n\n\n<p>Cabe recordar que cuando estas obras ya cuentan con un proyecto y un presupuesto, comienza la promoci\u00f3n entre los vecinos que deben adherir en m\u00e1s de un 70% de los involucrados para que luego se elabore el expediente municipal que deriva en el proyecto de ordenanza de utilidad p\u00fablica y pago obligatorio que luego permite su ejecuci\u00f3n. De este modo se recupera en los plazos establecidos el fondo destinado, para su reutilizaci\u00f3n en otros proyectos.<\/p>\n\n\n\n<figure class=\"wp-block-image size-large\"><img decoding=\"async\" width=\"1024\" height=\"576\" data-attachment-id=\"95635\" data-permalink=\"https:\/\/eldiariodesanpedro.com.ar\/sitio\/coopser-continua-con-las-tareas-de-remodelacion-del-salon-comunitario\/saloncomunitario_julio2021-6\/\" data-orig-file=\"https:\/\/eldiariodesanpedro.com.ar\/sitio\/wp-content\/uploads\/2021\/07\/SALONCOMUNITARIO_JULIO2021-6.jpg\" data-orig-size=\"1280,720\" data-comments-opened=\"1\" data-image-meta=\"{&quot;aperture&quot;:&quot;0&quot;,&quot;credit&quot;:&quot;&quot;,&quot;camera&quot;:&quot;&quot;,&quot;caption&quot;:&quot;&quot;,&quot;created_timestamp&quot;:&quot;0&quot;,&quot;copyright&quot;:&quot;&quot;,&quot;focal_length&quot;:&quot;0&quot;,&quot;iso&quot;:&quot;0&quot;,&quot;shutter_speed&quot;:&quot;0&quot;,&quot;title&quot;:&quot;&quot;,&quot;orientation&quot;:&quot;0&quot;}\" data-image-title=\"SALONCOMUNITARIO_JULIO2021 (6)\" data-image-description=\"\" data-image-caption=\"\" data-large-file=\"https:\/\/eldiariodesanpedro.com.ar\/sitio\/wp-content\/uploads\/2021\/07\/SALONCOMUNITARIO_JULIO2021-6-1024x576.jpg\" data-src=\"https:\/\/eldiariodesanpedro.com.ar\/sitio\/wp-content\/uploads\/2021\/07\/SALONCOMUNITARIO_JULIO2021-6-1024x576.jpg\" alt=\"\" class=\"wp-image-95635 lazyload\" data-srcset=\"https:\/\/eldiariodesanpedro.com.ar\/sitio\/wp-content\/uploads\/2021\/07\/SALONCOMUNITARIO_JULIO2021-6-1024x576.jpg 1024w, https:\/\/eldiariodesanpedro.com.ar\/sitio\/wp-content\/uploads\/2021\/07\/SALONCOMUNITARIO_JULIO2021-6-300x169.jpg 300w, https:\/\/eldiariodesanpedro.com.ar\/sitio\/wp-content\/uploads\/2021\/07\/SALONCOMUNITARIO_JULIO2021-6-768x432.jpg 768w, https:\/\/eldiariodesanpedro.com.ar\/sitio\/wp-content\/uploads\/2021\/07\/SALONCOMUNITARIO_JULIO2021-6-800x450.jpg 800w, https:\/\/eldiariodesanpedro.com.ar\/sitio\/wp-content\/uploads\/2021\/07\/SALONCOMUNITARIO_JULIO2021-6.jpg 1280w\" data-sizes=\"(max-width: 1024px) 100vw, 1024px\" src=\"data:image\/svg+xml;base64,PHN2ZyB3aWR0aD0iMSIgaGVpZ2h0PSIxIiB4bWxucz0iaHR0cDovL3d3dy53My5vcmcvMjAwMC9zdmciPjwvc3ZnPg==\" style=\"--smush-placeholder-width: 1024px; --smush-placeholder-aspect-ratio: 1024\/576;\" \/><\/figure>\n","protected":false},"excerpt":{"rendered":"<p>El Departamento de Obras de COOPSER informa que contin\u00faan las tareas de remodelaci\u00f3n en el Sal\u00f3n Comunitario de calle Pellegrini que se convertir\u00e1 en el pr\u00f3ximo centro de oficinas y atenci\u00f3n al p\u00fablico. Transitando por las diferentes etapas de acuerdo a las posibilidades econ\u00f3micas y operativas de los \u00faltimos meses, se ha finalizado la ejecuci\u00f3n [&hellip;]<\/p>\n","protected":false},"author":4,"featured_media":95636,"comment_status":"open","ping_status":"closed","sticky":false,"template":"","format":"standard","meta":{"om_disable_all_campaigns":false,"_jetpack_memberships_contains_paid_content":false,"footnotes":""},"categories":[101,2],"tags":[],"class_list":["post-95634","post","type-post","status-publish","format-standard","has-post-thumbnail","hentry","category-interes-general-locales","category-locales"],"aioseo_notices":[],"gutentor_comment":0,"jetpack_featured_media_url":"https:\/\/eldiariodesanpedro.com.ar\/sitio\/wp-content\/uploads\/2021\/07\/SALONCOMUNITARIO_JULIO2021-5.jpg","jetpack_shortlink":"https:\/\/wp.me\/p6RhLt-oSu","jetpack_sharing_enabled":true,"_links":{"self":[{"href":"https:\/\/eldiariodesanpedro.com.ar\/sitio\/wp-json\/wp\/v2\/posts\/95634","targetHints":{"allow":["GET"]}}],"collection":[{"href":"https:\/\/eldiariodesanpedro.com.ar\/sitio\/wp-json\/wp\/v2\/posts"}],"about":[{"href":"https:\/\/eldiariodesanpedro.com.ar\/sitio\/wp-json\/wp\/v2\/types\/post"}],"author":[{"embeddable":true,"href":"https:\/\/eldiariodesanpedro.com.ar\/sitio\/wp-json\/wp\/v2\/users\/4"}],"replies":[{"embeddable":true,"href":"https:\/\/eldiariodesanpedro.com.ar\/sitio\/wp-json\/wp\/v2\/comments?post=95634"}],"version-history":[{"count":1,"href":"https:\/\/eldiariodesanpedro.com.ar\/sitio\/wp-json\/wp\/v2\/posts\/95634\/revisions"}],"predecessor-version":[{"id":95637,"href":"https:\/\/eldiariodesanpedro.com.ar\/sitio\/wp-json\/wp\/v2\/posts\/95634\/revisions\/95637"}],"wp:featuredmedia":[{"embeddable":true,"href":"https:\/\/eldiariodesanpedro.com.ar\/sitio\/wp-json\/wp\/v2\/media\/95636"}],"wp:attachment":[{"href":"https:\/\/eldiariodesanpedro.com.ar\/sitio\/wp-json\/wp\/v2\/media?parent=95634"}],"wp:term":[{"taxonomy":"category","embeddable":true,"href":"https:\/\/eldiariodesanpedro.com.ar\/sitio\/wp-json\/wp\/v2\/categories?post=95634"},{"taxonomy":"post_tag","embeddable":true,"href":"https:\/\/eldiariodesanpedro.com.ar\/sitio\/wp-json\/wp\/v2\/tags?post=95634"}],"curies":[{"name":"wp","href":"https:\/\/api.w.org\/{rel}","templated":true}]}}